{"id":933,"date":"2025-10-18T11:07:46","date_gmt":"2025-10-18T11:07:46","guid":{"rendered":"https:\/\/timisoara.bancapentrualimente.ro\/?p=933"},"modified":"2025-10-18T11:11:38","modified_gmt":"2025-10-18T11:11:38","slug":"%f0%9f%8c%8d-ziua-alimentatiei-cu-jurnalul-lui-tim-16-octombrie","status":"publish","type":"post","link":"https:\/\/timisoara.bancapentrualimente.ro\/en\/%f0%9f%8c%8d-ziua-alimentatiei-cu-jurnalul-lui-tim-16-octombrie\/","title":{"rendered":"\ud83c\udf0d Ziua Alimenta\u021biei cu Jurnalul lui Tim \u2013 16 octombrie**"},"content":{"rendered":"<div data-elementor-type=\"wp-post\" data-elementor-id=\"933\" class=\"elementor elementor-933\">\n\t\t\t\t<div class=\"elementor-element elementor-element-dd7aca5 e-con-full e-flex e-con e-parent\" data-id=\"dd7aca5\" data-element_type=\"container\">\n\t\t\t\t<div class=\"elementor-element elementor-element-76cafe3 elementor-widget elementor-widget-text-editor\" data-id=\"76cafe3\" data-element_type=\"widget\" data-widget_type=\"text-editor.default\">\n\t\t\t\t<div class=\"elementor-widget-container\">\n\t\t\t\t\t\t\t\t\t<p><span style=\"color: #333333;\">\ud83c\udf0d Ziua Alimenta\u021biei cu Jurnalul lui Tim \u2013 16 octombrie**<\/span><br \/><span style=\"color: #333333;\">De Ziua Alimenta\u021biei am ales s\u0103 fim \u00eempreun\u0103 cu copiii din centrele pe care \u00eei sus\u021binem constant prin proiectul *Banca pentru Alimente Timi\u0219oara*. \u0218i ce bucurie a fost! \ud83d\udc9a<\/span><\/p><p><span style=\"color: #333333;\">Al\u0103turi de *20 de copii minuna\u021bi, am petrecut o zi special\u0103 \u00eentr-un loc de poveste \u2013 **Nest Parcul Copiilor, oferit cu generozitate de **Organiza\u021bia Kolping. Am z\u00e2mbit, ne-am jucat \u0219i, desigur, am g\u0103tit al\u0103turi de Tim o **salat\u0103 delicioas\u0103 de fructe*, preg\u0103tit\u0103 din fructe salvate de la risip\u0103 de colegii no\u0219tri de la Banca pentru Alimente. \ud83c\udf4e\ud83c\udf47\ud83c\udf4c<\/span><\/p><p><span style=\"color: #333333;\">Mul\u021bumim partenerului nostru fidel *Comtim* pentru sus\u021binerea constant\u0103 \u2013 \u00eempreun\u0103 construim o educa\u021bie sustenabil\u0103 \u0219i \u00eei \u00eenv\u0103\u021b\u0103m pe cei mici respectul pentru hran\u0103 \u0219i resurse. Pentru c\u0103 *hrana na\u0219te rela\u021bii umane \u0219i leag\u0103 prietenii*. \ud83e\udef1\ud83c\udffc\u200d\ud83e\udef2\ud83c\udffd<\/span><\/p><p><span style=\"color: #333333;\">Un mare *mul\u021bumim echipei Nest Parcul Copiilor* pentru c\u0103 am f\u0103cut \u00eempreun\u0103 o zi magic\u0103 pentru ace\u0219ti copii. Ziua Alimenta\u021biei poate fi o zi a bucuriei, a generozit\u0103\u021bii \u0219i a \u00eenv\u0103\u021b\u0103rii. \ud83c\udf31<\/span><\/p><p>\n\t\t<style type=\"text\/css\">\n\t\t\t#gallery-1 {\n\t\t\t\tmargin: auto;\n\t\t\t}\n\t\t\t#gallery-1 .gallery-item {\n\t\t\t\tfloat: left;\n\t\t\t\tmargin-top: 10px;\n\t\t\t\ttext-align: center;\n\t\t\t\twidth: 33%;\n\t\t\t}\n\t\t\t#gallery-1 img {\n\t\t\t\tborder: 2px solid #cfcfcf;\n\t\t\t}\n\t\t\t#gallery-1 .gallery-caption {\n\t\t\t\tmargin-left: 0;\n\t\t\t}\n\t\t\t\/* see gallery_shortcode() in wp-includes\/media.php *\/\n\t\t<\/style>\n\t\t<div id='gallery-1' class='gallery galleryid-933 gallery-columns-3 gallery-size-medium'><dl class='gallery-item'>\n\t\t\t<dt class='gallery-icon landscape'>\n\t\t\t\t<a href='https:\/\/timisoara.bancapentrualimente.ro\/en\/%f0%9f%8c%8d-ziua-alimentatiei-cu-jurnalul-lui-tim-16-octombrie\/img-20251018-wa0008\/'><img fetchpriority=\"high\" decoding=\"async\" width=\"300\" height=\"282\" src=\"https:\/\/timisoara.bancapentrualimente.ro\/wp-content\/uploads\/2025\/10\/IMG-20251018-WA0008-300x282.jpg\" class=\"attachment-medium size-medium\" alt=\"\" srcset=\"https:\/\/timisoara.bancapentrualimente.ro\/wp-content\/uploads\/2025\/10\/IMG-20251018-WA0008-300x282.jpg 300w, https:\/\/timisoara.bancapentrualimente.ro\/wp-content\/uploads\/2025\/10\/IMG-20251018-WA0008-13x12.jpg 13w, https:\/\/timisoara.bancapentrualimente.ro\/wp-content\/uploads\/2025\/10\/IMG-20251018-WA0008.jpg 588w\" sizes=\"(max-width: 300px) 100vw, 300px\" \/><\/a>\n\t\t\t<\/dt><\/dl><dl class='gallery-item'>\n\t\t\t<dt class='gallery-icon portrait'>\n\t\t\t\t<a href='https:\/\/timisoara.bancapentrualimente.ro\/en\/%f0%9f%8c%8d-ziua-alimentatiei-cu-jurnalul-lui-tim-16-octombrie\/img-20251018-wa0006\/'><img decoding=\"async\" width=\"223\" height=\"300\" src=\"https:\/\/timisoara.bancapentrualimente.ro\/wp-content\/uploads\/2025\/10\/IMG-20251018-WA0006-223x300.jpg\" class=\"attachment-medium size-medium\" alt=\"\" srcset=\"https:\/\/timisoara.bancapentrualimente.ro\/wp-content\/uploads\/2025\/10\/IMG-20251018-WA0006-223x300.jpg 223w, https:\/\/timisoara.bancapentrualimente.ro\/wp-content\/uploads\/2025\/10\/IMG-20251018-WA0006-9x12.jpg 9w, https:\/\/timisoara.bancapentrualimente.ro\/wp-content\/uploads\/2025\/10\/IMG-20251018-WA0006.jpg 587w\" sizes=\"(max-width: 223px) 100vw, 223px\" \/><\/a>\n\t\t\t<\/dt><\/dl><dl class='gallery-item'>\n\t\t\t<dt class='gallery-icon landscape'>\n\t\t\t\t<a href='https:\/\/timisoara.bancapentrualimente.ro\/en\/%f0%9f%8c%8d-ziua-alimentatiei-cu-jurnalul-lui-tim-16-octombrie\/img-20251018-wa0009\/'><img decoding=\"async\" width=\"300\" height=\"223\" src=\"https:\/\/timisoara.bancapentrualimente.ro\/wp-content\/uploads\/2025\/10\/IMG-20251018-WA0009-300x223.jpg\" class=\"attachment-medium size-medium\" alt=\"\" srcset=\"https:\/\/timisoara.bancapentrualimente.ro\/wp-content\/uploads\/2025\/10\/IMG-20251018-WA0009-300x223.jpg 300w, https:\/\/timisoara.bancapentrualimente.ro\/wp-content\/uploads\/2025\/10\/IMG-20251018-WA0009-768x572.jpg 768w, https:\/\/timisoara.bancapentrualimente.ro\/wp-content\/uploads\/2025\/10\/IMG-20251018-WA0009-16x12.jpg 16w, https:\/\/timisoara.bancapentrualimente.ro\/wp-content\/uploads\/2025\/10\/IMG-20251018-WA0009.jpg 940w\" sizes=\"(max-width: 300px) 100vw, 300px\" \/><\/a>\n\t\t\t<\/dt><\/dl><br style=\"clear: both\" \/><dl class='gallery-item'>\n\t\t\t<dt class='gallery-icon portrait'>\n\t\t\t\t<a href='https:\/\/timisoara.bancapentrualimente.ro\/en\/%f0%9f%8c%8d-ziua-alimentatiei-cu-jurnalul-lui-tim-16-octombrie\/whatsapp-image-2025-10-18-at-07-42-16_ffb7c631\/'><img loading=\"lazy\" decoding=\"async\" width=\"225\" height=\"300\" src=\"https:\/\/timisoara.bancapentrualimente.ro\/wp-content\/uploads\/2025\/10\/WhatsApp-Image-2025-10-18-at-07.42.16_ffb7c631-225x300.jpg\" class=\"attachment-medium size-medium\" alt=\"\" srcset=\"https:\/\/timisoara.bancapentrualimente.ro\/wp-content\/uploads\/2025\/10\/WhatsApp-Image-2025-10-18-at-07.42.16_ffb7c631-225x300.jpg 225w, https:\/\/timisoara.bancapentrualimente.ro\/wp-content\/uploads\/2025\/10\/WhatsApp-Image-2025-10-18-at-07.42.16_ffb7c631-768x1024.jpg 768w, https:\/\/timisoara.bancapentrualimente.ro\/wp-content\/uploads\/2025\/10\/WhatsApp-Image-2025-10-18-at-07.42.16_ffb7c631-1152x1536.jpg 1152w, https:\/\/timisoara.bancapentrualimente.ro\/wp-content\/uploads\/2025\/10\/WhatsApp-Image-2025-10-18-at-07.42.16_ffb7c631-9x12.jpg 9w, https:\/\/timisoara.bancapentrualimente.ro\/wp-content\/uploads\/2025\/10\/WhatsApp-Image-2025-10-18-at-07.42.16_ffb7c631.jpg 1536w\" sizes=\"(max-width: 225px) 100vw, 225px\" \/><\/a>\n\t\t\t<\/dt><\/dl>\n\t\t\t<br style='clear: both' \/>\n\t\t<\/div>\n<\/p><p><span style=\"color: #333333;\">#JurnalulLuiTim #Comtim #BancaPentruAlimenteTimi\u0219oara #NestParculCopiilor #Organiza\u021biaKolping<\/span><\/p>\t\t\t\t\t\t\t\t<\/div>\n\t\t\t\t<\/div>\n\t\t\t\t<\/div>\n\t\t\t\t<\/div>","protected":false},"excerpt":{"rendered":"<p>\ud83c\udf0d Ziua Alimenta\u021biei cu Jurnalul lui Tim \u2013 16 octombrie**De Ziua Alimenta\u021biei am ales s\u0103 fim \u00eempreun\u0103 cu copiii din centrele pe care \u00eei sus\u021binem constant prin proiectul *Banca pentru Alimente Timi\u0219oara*. \u0218i ce bucurie a fost! \ud83d\udc9a Al\u0103turi de *20 de copii minuna\u021bi, am petrecut o zi special\u0103 \u00eentr-un loc de poveste \u2013 **Nest [&hellip;]<\/p>","protected":false},"author":3,"featured_media":937,"comment_status":"closed","ping_status":"closed","sticky":false,"template":"","format":"standard","meta":{"give_campaign_id":0,"footnotes":""},"categories":[1],"tags":[50,41,43,49,48,51,52,44],"class_list":["post-933","post","type-post","status-publish","format-standard","has-post-thumbnail","hentry","category-uncategorized","tag-bancapentrualimentetimisoara","tag-bpatimisoara","tag-combatemrisipaalimentara","tag-comtim","tag-jurnalulluitim","tag-nestparculcopiilor","tag-organizatiakolping","tag-sustenabilitate"],"_links":{"self":[{"href":"https:\/\/timisoara.bancapentrualimente.ro\/en\/wp-json\/wp\/v2\/posts\/933","targetHints":{"allow":["GET"]}}],"collection":[{"href":"https:\/\/timisoara.bancapentrualimente.ro\/en\/wp-json\/wp\/v2\/posts"}],"about":[{"href":"https:\/\/timisoara.bancapentrualimente.ro\/en\/wp-json\/wp\/v2\/types\/post"}],"author":[{"embeddable":true,"href":"https:\/\/timisoara.bancapentrualimente.ro\/en\/wp-json\/wp\/v2\/users\/3"}],"replies":[{"embeddable":true,"href":"https:\/\/timisoara.bancapentrualimente.ro\/en\/wp-json\/wp\/v2\/comments?post=933"}],"version-history":[{"count":4,"href":"https:\/\/timisoara.bancapentrualimente.ro\/en\/wp-json\/wp\/v2\/posts\/933\/revisions"}],"predecessor-version":[{"id":942,"href":"https:\/\/timisoara.bancapentrualimente.ro\/en\/wp-json\/wp\/v2\/posts\/933\/revisions\/942"}],"wp:featuredmedia":[{"embeddable":true,"href":"https:\/\/timisoara.bancapentrualimente.ro\/en\/wp-json\/wp\/v2\/media\/937"}],"wp:attachment":[{"href":"https:\/\/timisoara.bancapentrualimente.ro\/en\/wp-json\/wp\/v2\/media?parent=933"}],"wp:term":[{"taxonomy":"category","embeddable":true,"href":"https:\/\/timisoara.bancapentrualimente.ro\/en\/wp-json\/wp\/v2\/categories?post=933"},{"taxonomy":"post_tag","embeddable":true,"href":"https:\/\/timisoara.bancapentrualimente.ro\/en\/wp-json\/wp\/v2\/tags?post=933"}],"curies":[{"name":"wp","href":"https:\/\/api.w.org\/{rel}","templated":true}]}}