{"id":1380,"date":"2026-04-28T13:58:04","date_gmt":"2026-04-28T13:58:04","guid":{"rendered":"https:\/\/timisoara.bancapentrualimente.ro\/?p=1380"},"modified":"2026-04-28T13:58:58","modified_gmt":"2026-04-28T13:58:58","slug":"10-ani-de-bine-si-un-an-de-dor-mostenirea-lui-gabriel-sescu-omul-care-a-invatat-romania-ca-hrana-se-imparte-nu-se-arunca","status":"publish","type":"post","link":"https:\/\/timisoara.bancapentrualimente.ro\/en\/10-ani-de-bine-si-un-an-de-dor-mostenirea-lui-gabriel-sescu-omul-care-a-invatat-romania-ca-hrana-se-imparte-nu-se-arunca\/","title":{"rendered":"10 ani de Bine \u0219i un an de dor. Mo\u0219tenirea lui Gabriel Sescu: Omul care a \u00eenv\u0103\u021bat Rom\u00e2nia c\u0103 hrana se \u00eemparte, nu se arunc\u0103"},"content":{"rendered":"<div data-elementor-type=\"wp-post\" data-elementor-id=\"1380\" class=\"elementor elementor-1380\">\n\t\t\t\t<div class=\"elementor-element elementor-element-35aa35e e-flex e-con-boxed e-con e-parent\" data-id=\"35aa35e\" data-element_type=\"container\">\n\t\t\t\t\t<div class=\"e-con-inner\">\n\t\t\t\t<div class=\"elementor-element elementor-element-ad0709e elementor-widget elementor-widget-html\" data-id=\"ad0709e\" data-element_type=\"widget\" data-widget_type=\"html.default\">\n\t\t\t\t<div class=\"elementor-widget-container\">\n\t\t\t\t\t<div class=\"bpa-article-container\">\r\n    <style>\r\n        .bpa-article-container {\r\n            font-family: 'Segoe UI', Roboto, Helvetica, Arial, sans-serif;\r\n            line-height: 1.6;\r\n            color: #333;\r\n            max-width: 850px;\r\n            margin: 0 auto;\r\n            padding: 20px;\r\n            background-color: #fff;\r\n        }\r\n\r\n        .bpa-article-container h1 {\r\n            color: #00534c; \/* Verdele \u00eenchis oficial *\/\r\n            font-size: 2.2em;\r\n            line-height: 1.2;\r\n            margin-bottom: 20px;\r\n            border-left: 6px solid #06c900; \/* Verdele crud *\/\r\n            padding-left: 15px;\r\n        }\r\n\r\n        .bpa-article-container h2 {\r\n            color: #00534c;\r\n            font-size: 1.6em;\r\n            margin-top: 30px;\r\n            margin-bottom: 15px;\r\n        }\r\n\r\n        .bpa-article-container p {\r\n            margin-bottom: 15px;\r\n            font-size: 1.1em;\r\n            text-align: justify;\r\n        }\r\n\r\n        .bpa-article-container blockquote {\r\n            background: #f9f9f9;\r\n            border-left: 10px solid #FF5900; \/* Portocaliu de accent *\/\r\n            margin: 1.5em 10px;\r\n            padding: 1.5em 20px;\r\n            font-style: italic;\r\n            color: #555;\r\n        }\r\n\r\n        .bpa-article-container .meta-data {\r\n            color: #666;\r\n            font-size: 0.9em;\r\n            margin-bottom: 30px;\r\n            display: block;\r\n            border-bottom: 1px solid #eee;\r\n            padding-bottom: 10px;\r\n        }\r\n\r\n        .bpa-article-container .source-link {\r\n            margin-top: 40px;\r\n            padding-top: 20px;\r\n            border-top: 2px dashed #06c900;\r\n            font-size: 0.95em;\r\n        }\r\n\r\n        .bpa-article-container a {\r\n            color: #06c900;\r\n            text-decoration: none;\r\n            font-weight: bold;\r\n        }\r\n\r\n        .bpa-article-container a:hover {\r\n            text-decoration: underline;\r\n            color: #00534c;\r\n        }\r\n\r\n        .bpa-article-container .video-wrapper {\r\n            background: #f0f7f0;\r\n            padding: 20px;\r\n            border-radius: 8px;\r\n            border: 1px solid #e0eee0;\r\n            margin: 25px 0;\r\n            text-align: center;\r\n        }\r\n    <\/style>\r\n\r\n    <span class=\"meta-data\">Publicat de Echipa RomaniaPozitiva | 27 aprilie 2026<\/span>\r\n\r\n    <h1>10 ani de Bine \u0219i un an de dor. Mo\u0219tenirea lui Gabriel Sescu: Omul care a \u00eenv\u0103\u021bat Rom\u00e2nia c\u0103 hrana se \u00eemparte, nu se arunc\u0103<\/h1>\r\n\r\n    <p>Pe 27 aprilie se \u00eempline\u0219te un an de c\u00e2nd Gabriel Sescu (01.10.1971 \u2014 27.04.2025), omul care a pus \u00een mi\u0219care unul dintre cele mai ample lan\u021buri al solidarit\u0103\u021bii alimentare din Rom\u00e2nia, a plecat dintre noi. Anul acesta, triste\u021bea desp\u0103r\u021birii se \u00eemplete\u0219te cu un moment istoric pentru re\u021beaua pe care a fondat-o: marc\u0103m 10 ani de la \u00eenfiin\u021barea primei B\u0103nci pentru Alimente din \u021bara noastr\u0103, la Bucure\u0219ti. Este momentul s\u0103 privim \u00eenapoi la drumul parcurs de la o simpl\u0103 idee la o infrastructur\u0103 na\u021bional\u0103 a binelui.<\/p>\r\n\r\n    <h2>\u201e\u00cen Rom\u00e2nia nu va func\u021biona\u201d \u2013 curajul de a construi de la zero<\/h2>\r\n    <p>Totul a pornit de la o convingere profund\u0103: hrana merit\u0103 salvat\u0103, iar oamenii merit\u0103 sprijin. Gabriel Sescu, un asistent social cu peste 25 de ani de experien\u021b\u0103 \u00een sectorul umanitar, a descoperit puterea acestui mecanism \u00een timpul unui stagiu de preg\u0103tire \u00een Italia, \u00een cadrul B\u0103ncii pentru Alimente din Milano. S-a \u00eentors acas\u0103 cu dorin\u021ba ferm\u0103 de a adapta acest model european \u00een societatea rom\u00e2neasc\u0103.<\/p>\r\n\r\n    <p>\u00cenceputul, \u00eens\u0103, nu a fost u\u0219or. \u201e\u00cen Rom\u00e2nia nu va func\u021biona\u201d \u2013 i s-a spus adesea la \u00eenceput, atunci c\u00e2nd le vorbea reprezentan\u021bilor companiilor despre acest concept \u0219i le cerea sprijinul. Dar Gabriel nu s-a oprit. A construit acolo unde nu exista nici m\u0103car o c\u0103r\u0103mid\u0103, a convins acolo unde exista scepticism. \u00cen 2016, a \u00eenfiin\u021bat prima Banc\u0103, la Bucure\u0219ti, \u0219i a continuat s\u0103 viseze cu ochii deschi\u0219i: \u201es\u0103 existe c\u00e2te o banc\u0103 \u00een fiecare regiune a Rom\u00e2niei\u201d.<\/p>\r\n\r\n    <h2>De la vis, la o re\u021bea na\u021bional\u0103 de solidaritate<\/h2>\r\n    <p>\u0218i a reu\u0219it. Ast\u0103zi, la 10 ani de la acel prim pas, visul s\u0103u a crescut natural, prin colabor\u0103ri, efort constant \u0219i mult\u0103 solidaritate. Re\u021beaua cuprinde acum nou\u0103 B\u0103nci Regionale \u0219i o Federa\u021bie ca structur\u0103 na\u021bional\u0103 de coordonare, membr\u0103 cu drepturi depline a Federa\u021biei Europene a B\u0103ncilor Alimentare \u2013 FEBA.<\/p>\r\n\r\n    <blockquote>\r\n        \u201eGabriel a fost un om pentru care bun\u0103tatea nu avea limite. Ne-a l\u0103sat mo\u0219tenire nu doar o organiza\u021bie, ci certitudinea c\u0103 imposibilul poate fi \u00eenvins prin perseveren\u021b\u0103 \u0219i umanitate. Ast\u0103zi, continu\u0103m \u00een fiecare zi cu motiva\u021bia pe care ne-a insuflat-o. Fiecare aliment salvat \u00eenseamn\u0103 mai pu\u021bin\u0103 risip\u0103 \u0219i mai mult\u0103 speran\u021b\u0103.\u201d\r\n        <br><br>\r\n        <strong>\u2014 Romuald Bulai, Pre\u0219edintele Federa\u021biei B\u0103ncilor pentru Alimente din Rom\u00e2nia.<\/strong>\r\n    <\/blockquote>\r\n\r\n    <h2>O poveste spus\u0103 altfel<\/h2>\r\n    <p>Gabriel Sescu a transformat un vis curajos \u00eentr-o mi\u0219care na\u021bional\u0103 care hr\u0103ne\u0219te ast\u0103zi sute de mii de oameni. Pentru a \u00een\u021belege \u0219i mai bine cine a fost omul din spatele acestei misiuni, v\u0103 invit\u0103m s\u0103 urm\u0103ri\u021bi povestea sa spus\u0103 altfel, \u00eentr-un material video emo\u021bionant:<\/p>\r\n\r\n    <div class=\"video-wrapper\">\r\n        <p><strong>Urm\u0103ri\u021bi aici materialul video:<\/strong><br>\r\n        <a href=\"https:\/\/youtu.be\/ww2qYLDwBO0?si=dg9_CEQkeFukBkm1\" target=\"_blank\">Mo\u0219tenirea lui Gabriel Sescu - Video Omagiu<\/a><\/p>\r\n    <\/div>\r\n\r\n    <p>\u00cen memoria lui Gabriel Sescu. Un om care ne-a l\u0103sat mo\u0219tenire nu doar o solu\u021bie la o problem\u0103 social\u0103, ci \u00eens\u0103\u0219i puterea de a face bine, \u00ceMPREUN\u0102.<\/p>\r\n\r\n    <div class=\"source-link\">\r\n        Articol preluat integral de pe: <a href=\"https:\/\/www.romaniapozitiva.ro\/coltul-verde\/10-ani-de-bine-si-un-an-de-dor-mostenirea-lui-gabriel-sescu-omul-care-a-invatat-romania-ca-hrana-se-imparte-nu-se-arunca\/\" target=\"_blank\" rel=\"noopener noreferrer\">RomaniaPozitiva.ro<\/a>\r\n    <\/div>\r\n<\/div>\t\t\t\t<\/div>\n\t\t\t\t<\/div>\n\t\t\t\t\t<\/div>\n\t\t\t\t<\/div>\n\t\t\t\t<\/div>","protected":false},"excerpt":{"rendered":"<p>Publicat de Echipa RomaniaPozitiva | 27 aprilie 2026 10 ani de Bine \u0219i un an de dor. Mo\u0219tenirea lui Gabriel Sescu: Omul care a \u00eenv\u0103\u021bat Rom\u00e2nia c\u0103 hrana se \u00eemparte, nu se arunc\u0103 Pe 27 aprilie se \u00eempline\u0219te un an de c\u00e2nd Gabriel Sescu (01.10.1971 \u2014 27.04.2025), omul care a pus \u00een mi\u0219care unul dintre [&hellip;]<\/p>","protected":false},"author":3,"featured_media":1381,"comment_status":"closed","ping_status":"closed","sticky":false,"template":"","format":"standard","meta":{"give_campaign_id":0,"footnotes":""},"categories":[1],"tags":[],"class_list":["post-1380","post","type-post","status-publish","format-standard","has-post-thumbnail","hentry","category-uncategorized"],"_links":{"self":[{"href":"https:\/\/timisoara.bancapentrualimente.ro\/en\/wp-json\/wp\/v2\/posts\/1380","targetHints":{"allow":["GET"]}}],"collection":[{"href":"https:\/\/timisoara.bancapentrualimente.ro\/en\/wp-json\/wp\/v2\/posts"}],"about":[{"href":"https:\/\/timisoara.bancapentrualimente.ro\/en\/wp-json\/wp\/v2\/types\/post"}],"author":[{"embeddable":true,"href":"https:\/\/timisoara.bancapentrualimente.ro\/en\/wp-json\/wp\/v2\/users\/3"}],"replies":[{"embeddable":true,"href":"https:\/\/timisoara.bancapentrualimente.ro\/en\/wp-json\/wp\/v2\/comments?post=1380"}],"version-history":[{"count":4,"href":"https:\/\/timisoara.bancapentrualimente.ro\/en\/wp-json\/wp\/v2\/posts\/1380\/revisions"}],"predecessor-version":[{"id":1385,"href":"https:\/\/timisoara.bancapentrualimente.ro\/en\/wp-json\/wp\/v2\/posts\/1380\/revisions\/1385"}],"wp:featuredmedia":[{"embeddable":true,"href":"https:\/\/timisoara.bancapentrualimente.ro\/en\/wp-json\/wp\/v2\/media\/1381"}],"wp:attachment":[{"href":"https:\/\/timisoara.bancapentrualimente.ro\/en\/wp-json\/wp\/v2\/media?parent=1380"}],"wp:term":[{"taxonomy":"category","embeddable":true,"href":"https:\/\/timisoara.bancapentrualimente.ro\/en\/wp-json\/wp\/v2\/categories?post=1380"},{"taxonomy":"post_tag","embeddable":true,"href":"https:\/\/timisoara.bancapentrualimente.ro\/en\/wp-json\/wp\/v2\/tags?post=1380"}],"curies":[{"name":"wp","href":"https:\/\/api.w.org\/{rel}","templated":true}]}}