{"id":1364,"date":"2026-04-08T09:07:42","date_gmt":"2026-04-08T09:07:42","guid":{"rendered":"https:\/\/timisoara.bancapentrualimente.ro\/?p=1364"},"modified":"2026-04-08T09:14:50","modified_gmt":"2026-04-08T09:14:50","slug":"calatoria-sperantei-din-magazin-pe-masa-de-paste-cum-au-transformat-romanii-un-gest-de-donatie-intr-o-sarbatoare-fara-lipsuri-pentru-173-000-de-oameni-vulnerabili","status":"publish","type":"post","link":"https:\/\/timisoara.bancapentrualimente.ro\/en\/calatoria-sperantei-din-magazin-pe-masa-de-paste-cum-au-transformat-romanii-un-gest-de-donatie-intr-o-sarbatoare-fara-lipsuri-pentru-173-000-de-oameni-vulnerabili\/","title":{"rendered":"C\u0103l\u0103toria speran\u021bei \u2013 din magazin, pe masa de Pa\u0219te: Cum au transformat rom\u00e2nii un gest de dona\u021bie \u00eentr-o s\u0103rb\u0103toare f\u0103r\u0103 lipsuri pentru 173.000 de oameni vulnerabili"},"content":{"rendered":"<link href=\"https:\/\/fonts.googleapis.com\/css2?family=Nunito:wght@400;600;700;800&family=Cormorant+Garamond:ital,wght@0,500;0,600;1,500&display=swap\" rel=\"stylesheet\">\n\n<style>\n#bpa-art-colecta {\n  font-family: 'Nunito', sans-serif;\n  max-width: 860px;\n  margin: 0 auto;\n  padding: 0 20px 56px;\n  box-sizing: border-box;\n  color: #2d2d3a;\n}\n\n#bpa-art-colecta .bpa-header {\n  border-left: 5px solid #06C900;\n  padding: 6px 0 6px 18px;\n  margin-bottom: 28px;\n}\n\n#bpa-art-colecta .bpa-category {\n  font-size: 11px;\n  font-weight: 800;\n  letter-spacing: 2.5px;\n  text-transform: uppercase;\n  color: #00534C;\n  margin: 0 0 8px;\n}\n\n#bpa-art-colecta .bpa-title {\n  font-family: 'Cormorant Garamond', serif;\n  font-size: 26px;\n  font-weight: 600;\n  color: #1a2a1a;\n  margin: 0 0 10px;\n  line-height: 1.3;\n}\n\n#bpa-art-colecta .bpa-meta {\n  font-size: 13px;\n  color: #6b7a6b;\n  margin: 0;\n  display: flex;\n  align-items: center;\n  gap: 12px;\n  flex-wrap: wrap;\n}\n\n#bpa-art-colecta .bpa-meta-dot {\n  width: 4px;\n  height: 4px;\n  border-radius: 50%;\n  background: #06C900;\n  display: inline-block;\n  flex-shrink: 0;\n}\n\n#bpa-art-colecta .bpa-hero {\n  width: 100%;\n  border-radius: 12px;\n  overflow: hidden;\n  margin-bottom: 28px;\n  border: 1px solid #d8ead8;\n}\n\n#bpa-art-colecta .bpa-hero img {\n  width: 100%;\n  height: 380px;\n  object-fit: cover;\n  object-position: center;\n  display: block;\n}\n\n#bpa-art-colecta .bpa-highlight {\n  background: linear-gradient(135deg, #f0faf0 0%, #e8f5e8 100%);\n  border: 1px solid #c6da2e;\n  border-left: 4px solid #06C900;\n  border-radius: 10px;\n  padding: 20px 24px;\n  margin: 0 0 28px;\n  display: flex;\n  flex-wrap: wrap;\n  gap: 20px;\n  align-items: center;\n}\n\n#bpa-art-colecta .bpa-stat {\n  text-align: center;\n  flex: 1;\n  min-width: 110px;\n}\n\n#bpa-art-colecta .bpa-stat-num {\n  font-family: 'Cormorant Garamond', serif;\n  font-size: 36px;\n  font-weight: 600;\n  color: #00534C;\n  line-height: 1;\n  margin-bottom: 4px;\n}\n\n#bpa-art-colecta .bpa-stat-label {\n  font-size: 13px;\n  color: #3a6a3a;\n  font-weight: 600;\n}\n\n#bpa-art-colecta .bpa-body p {\n  font-size: 16px;\n  color: #3a3a3a;\n  line-height: 1.85;\n  margin: 0 0 18px;\n}\n\n#bpa-art-colecta .bpa-body p:last-child { margin-bottom: 0; }\n\n#bpa-art-colecta .bpa-body strong {\n  color: #00534C;\n  font-weight: 800;\n}\n\n#bpa-art-colecta .bpa-section-title {\n  font-family: 'Cormorant Garamond', serif;\n  font-size: 21px;\n  font-weight: 600;\n  color: #1a2a1a;\n  margin: 32px 0 16px;\n  padding-bottom: 8px;\n  border-bottom: 2px solid #C6DA2E;\n  line-height: 1.3;\n}\n\n#bpa-art-colecta .bpa-quote {\n  position: relative;\n  margin: 24px 0;\n  padding: 20px 24px 20px 56px;\n  background: #f8fdf8;\n  border-radius: 10px;\n  border: 1px solid #d8ead8;\n}\n\n#bpa-art-colecta .bpa-quote::before {\n  content: '\\201C';\n  font-family: 'Cormorant Garamond', serif;\n  font-size: 80px;\n  line-height: 1;\n  color: #06C900;\n  position: absolute;\n  left: 10px;\n  top: 8px;\n}\n\n#bpa-art-colecta .bpa-quote p {\n  font-size: 15px !important;\n  font-style: italic;\n  color: #2a3a2a !important;\n  line-height: 1.8 !important;\n  margin: 0 0 10px !important;\n}\n\n#bpa-art-colecta .bpa-quote p:last-child { margin: 0 !important; }\n\n#bpa-art-colecta .bpa-quote-source {\n  font-size: 13px !important;\n  font-style: normal !important;\n  font-weight: 700;\n  color: #00534C !important;\n  margin-top: 10px !important;\n}\n\n#bpa-art-colecta .bpa-quote-source span {\n  font-weight: 400;\n  color: #5a6a5a;\n}\n\n#bpa-art-colecta .bpa-declaration {\n  background: linear-gradient(135deg, #00534C 0%, #006b60 100%);\n  border-radius: 14px;\n  padding: 28px 32px;\n  margin: 28px 0;\n  position: relative;\n  overflow: hidden;\n}\n\n#bpa-art-colecta .bpa-declaration::before {\n  content: '\\201C';\n  font-family: 'Cormorant Garamond', serif;\n  font-size: 200px;\n  color: #fff;\n  opacity: 0.06;\n  position: absolute;\n  top: -20px;\n  left: 10px;\n  line-height: 1;\n  pointer-events: none;\n}\n\n#bpa-art-colecta .bpa-declaration p {\n  font-size: 15px;\n  color: #e8f8e8;\n  line-height: 1.8;\n  font-style: italic;\n  margin: 0 0 12px;\n  position: relative;\n}\n\n#bpa-art-colecta .bpa-declaration p:last-child { margin: 0; }\n\n#bpa-art-colecta .bpa-declaration strong {\n  color: #C6DA2E !important;\n  font-style: normal;\n}\n\n#bpa-art-colecta .bpa-declaration-source {\n  font-size: 13px;\n  font-style: normal !important;\n  font-weight: 700;\n  color: #a8e0a0 !important;\n  margin-top: 14px !important;\n  position: relative;\n}\n\n#bpa-art-colecta .bpa-about {\n  background: #f8fdf8;\n  border: 1px solid #d8ead8;\n  border-left: 4px solid #C6DA2E;\n  border-radius: 10px;\n  padding: 20px 24px;\n  margin: 28px 0;\n}\n\n#bpa-art-colecta .bpa-about-title {\n  font-size: 11px;\n  font-weight: 800;\n  letter-spacing: 2px;\n  text-transform: uppercase;\n  color: #00534C;\n  margin: 0 0 10px;\n}\n\n#bpa-art-colecta .bpa-about p {\n  font-size: 14px !important;\n  color: #3a4a3a !important;\n  line-height: 1.75 !important;\n  margin: 0 !important;\n}\n\n#bpa-art-colecta .bpa-about strong { color: #00534C; }\n\n#bpa-art-colecta .bpa-numbers {\n  display: flex;\n  flex-wrap: wrap;\n  gap: 10px;\n  margin: 16px 0 0;\n}\n\n#bpa-art-colecta .bpa-number-badge {\n  font-size: 13px;\n  font-weight: 700;\n  color: #00534C;\n  background: #e0f5e0;\n  border: 1px solid #b0ddb0;\n  border-radius: 20px;\n  padding: 4px 14px;\n}\n\n@media (max-width: 600px) {\n  #bpa-art-colecta .bpa-title { font-size: 21px; }\n  #bpa-art-colecta .bpa-hero img { height: 220px; }\n  #bpa-art-colecta .bpa-highlight { gap: 12px; }\n  #bpa-art-colecta .bpa-declaration { padding: 20px 18px; }\n  #bpa-art-colecta .bpa-quote { padding: 16px 16px 16px 48px; }\n}\n<\/style>\n\n<div id=\"bpa-art-colecta\">\n\n  <div class=\"bpa-header\">\n    <p class=\"bpa-category\">Colecta Na\u021bional\u0103 de Alimente &middot; Pa\u0219te 2026<\/p>\n    <h2 class=\"bpa-title\">C\u0103l\u0103toria speran\u021bei \u2014 din magazin, pe masa de Pa\u0219te: cum au transformat rom\u00e2nii un gest de dona\u021bie \u00eentr-o s\u0103rb\u0103toare f\u0103r\u0103 lipsuri pentru 173.000 de oameni vulnerabili<\/h2>\n    <div class=\"bpa-meta\">\n      <span>Re\u021beaua B\u0103ncilor pentru Alimente<\/span>\n      <span class=\"bpa-meta-dot\"><\/span>\n      <span>8 aprilie 2026<\/span>\n      <span class=\"bpa-meta-dot\"><\/span>\n      <span>Colecta Na\u021bional\u0103 de Alimente, edi\u021bia a 14-a<\/span>\n    <\/div>\n  <\/div>\n\n  <div class=\"bpa-hero\">\n    <img decoding=\"async\"\n      src=\"https:\/\/www.romaniapozitiva.ro\/wp-content\/uploads\/2026\/04\/1-1.jpg\"\n      alt=\"Colecta Nationala de Alimente Paste 2026\"\n      loading=\"eager\"\n      onerror=\"this.closest('.bpa-hero').style.display='none';\"\n    \/>\n  <\/div>\n\n  <div class=\"bpa-highlight\">\n    <div class=\"bpa-stat\">\n      <div class=\"bpa-stat-num\">966 t<\/div>\n      <div class=\"bpa-stat-label\">alimente colectate<\/div>\n    <\/div>\n    <div class=\"bpa-stat\">\n      <div class=\"bpa-stat-num\">1.931.336<\/div>\n      <div class=\"bpa-stat-label\">por\u021bii de hran\u0103<\/div>\n    <\/div>\n    <div class=\"bpa-stat\">\n      <div class=\"bpa-stat-num\">173.000<\/div>\n      <div class=\"bpa-stat-label\">persoane vulnerabile<\/div>\n    <\/div>\n    <div class=\"bpa-stat\">\n      <div class=\"bpa-stat-num\">575<\/div>\n      <div class=\"bpa-stat-label\">organiza\u021bii partenere<\/div>\n    <\/div>\n  <\/div>\n\n  <div class=\"bpa-body\">\n\n    <p>\u00centr-o Rom\u00e2nie \u00een care aproximativ <strong>5 milioane de oameni<\/strong> tr\u0103iesc la limita s\u0103r\u0103ciei, a avea ce pune pe mas\u0103 de s\u0103rb\u0103tori nu este o certitudine, ci, de multe ori, o minune a\u0219teptat\u0103 \u00een t\u0103cere. Anul acesta, minunea a luat forma a <strong>966 de tone de alimente colectate<\/strong>, care se transform\u0103 \u00een <strong>1.931.336 de por\u021bii de hran\u0103<\/strong>.<\/p>\n\n    <p>Aceasta este cantitatea impresionant\u0103 de sprijin str\u00e2ns\u0103 \u00een cadrul celei de-a <strong>14-a edi\u021bii a Colectei Na\u021bionale de Alimente<\/strong>, desf\u0103\u0219urat\u0103 \u00eentre <strong>20 \u0219i 22 martie 2026<\/strong>. Datorit\u0103 generozit\u0103\u021bii extraordinare a donatorilor, <strong>173.000 de persoane vulnerabile<\/strong> vor avea parte de un Pa\u0219te mai lini\u0219tit \u0219i mai luminos.<\/p>\n\n    <p>Dincolo de aceste cifre care bucur\u0103, Colecta Na\u021bional\u0103 de Alimente este, \u00een esen\u021b\u0103, o poveste profund uman\u0103. Este traseul emo\u021bionant pe care o cutie de lapte sau o pung\u0103 de orez \u00eel parcurge de la casa de marcat, prin cele <strong>9 B\u0103nci Regionale pentru Alimente<\/strong>, p\u00e2n\u0103 \u00een grija celor <strong>575 de organiza\u021bii partenere participante<\/strong>. Aceste asocia\u021bii sunt linia \u00eent\u00e2i a binelui; ele duc sprijinul \u00een toate col\u021burile \u021b\u0103rii, transform\u00e2nd dona\u021biile anonime din supermarket \u00eentr-un ajutor palpabil, oferit la momentul potrivit.<\/p>\n\n    <h3 class=\"bpa-section-title\">\u00cen prim-plan: Chipurile din spatele dona\u021biilor<\/h3>\n\n    <p>Acolo, la cap\u0103tul acestui lan\u021b al solidarit\u0103\u021bii, se afl\u0103 chipurile reale ale campaniei: copii din centre de plasament pentru care un desert donat este o s\u0103rb\u0103toare \u00een sine, v\u00e2rstnici singuri \u0219i neputincio\u0219i, familii care duc, zi de zi, o lupt\u0103 t\u0103cut\u0103 cu lipsurile \u0219i oameni din comunit\u0103\u021bi uitate, unde s\u0103r\u0103cia este o realitate dur\u0103.<\/p>\n\n    <p>Reprezentan\u021bii <strong>Asocia\u021biei Oameni, Valori, Fapte<\/strong> descriu perfect emo\u021bia \u0219i realitatea din teren:<\/p>\n\n    <div class=\"bpa-quote\">\n      <p>\u201eDe diminea\u021ba p\u00e2n\u0103 seara t\u00e2rziu, am fost pe uli\u021bele satelor, duc\u00e2nd nu doar alimente, ci speran\u021b\u0103 acolo unde este cea mai mare nevoie. Am ajuns la ei nu doar cu pachete. Am dus cu noi \u0219i grija, respectul \u0219i dorin\u021ba puternic\u0103 de a aduce o alinare, un strop de lumin\u0103 \u00een vie\u021bile celor greu \u00eencerca\u021bi. Am \u00eent\u00e2lnit v\u00e2rstnici cu m\u00e2ini muncite \u0219i priviri pline de speran\u021b\u0103, copii care au primit cu emo\u021bie fiecare dar, bucur\u00e2ndu-se chiar \u0219i de un mic ou de ciocolat\u0103 pe care \u00eel desf\u0103ceau \u00een grab\u0103, cu o ner\u0103bdare care spune totul, familii care duc, zi de zi, o lupt\u0103 t\u0103cut\u0103 cu lipsurile. \u00cen comunit\u0103\u021bi unde traiul este greu, unde s\u0103r\u0103cia este realitate zilnic\u0103, fiecare pachet a \u00eensemnat mai mult dec\u00e2t hran\u0103. A \u00eensemnat: <em>\u00abNu sunte\u021bi singuri\u00bb<\/em>.\"<\/p>\n      <p class=\"bpa-quote-source\">Asocia\u021bia Oameni, Valori, Fapte<\/p>\n    <\/div>\n\n    <p>Aceea\u0219i transformare o tr\u0103iesc \u0219i voluntarii care ajut\u0103 la distribuire. Un voluntar de la <strong>Funda\u021bia Denisa<\/strong> a sintetizat experien\u021ba astfel:<\/p>\n\n    <div class=\"bpa-quote\">\n      <p>\u201eCeea ce a f\u0103cut cu adev\u0103rat diferen\u021ba a fost momentul \u00een care am participat la distribuirea alimentelor. S\u0103 v\u0103d oamenii bucuro\u0219i, uneori chiar cu lacrimi \u00een ochi, \u0219i s\u0103 le ascult pove\u0219tile de via\u021b\u0103, m-a marcat profund. Atunci am \u00een\u021beles c\u0103 o simpl\u0103 plas\u0103 de alimente poate \u00eensemna enorm pentru cineva. \u00cen acel moment, toate clipele de oboseal\u0103 sau momentele de dezam\u0103gire nu au mai contat. A r\u0103mas doar bucuria c\u0103 am putut contribui. Colecta Na\u021bional\u0103 de Alimente este o experien\u021b\u0103 pe care a\u0219 repeta-o oric\u00e2nd, cu aceea\u0219i dorin\u021b\u0103 de a ajuta.\"<\/p>\n      <p class=\"bpa-quote-source\">Voluntar <span>\u2014 Funda\u021bia Denisa<\/span><\/p>\n    <\/div>\n\n    <p>Un reprezentant al <strong>Asocia\u021biei Copii pentru Viitor<\/strong> din jude\u021bul Hunedoara a \u00eemp\u0103rt\u0103\u0219it una dintre aceste pove\u0219ti memorabile:<\/p>\n\n    <div class=\"bpa-quote\">\n      <p>\u201eColecta Na\u021bional\u0103 de Alimente a fost o lec\u021bie de solidaritate, de empatie \u0219i de umanitate. Fiecare pung\u0103 cu alimente are povestea ei. \u00cens\u0103 ceea ce m-a mi\u0219cat pe mine personal este povestea unei familii. L-am \u00eent\u00e2lnit \u00eentr-o zi care pentru mine a devenit memorabil\u0103. Un tat\u0103 din localitatea M\u0103gura, care \u00ee\u0219i cre\u0219te singur cei patru copii, purt\u00e2nd pe umeri griji pe care pu\u021bini le pot \u00een\u021belege. Obosit, dar demn, cu o for\u021b\u0103 t\u0103cut\u0103 care se vedea \u00een felul \u00een care \u00ee\u0219i \u021binea copiii aproape. C\u00e2nd am ajuns la poarta casei cu alimentele, nu a spus multe. Doar un <em>MUL\u021aUMESC<\/em> simplu, dar \u00een acel cuv\u00e2nt era totul: lupt\u0103, oboseal\u0103 \u0219i o f\u0103r\u00e2m\u0103 de speran\u021b\u0103. Am plecat de acolo cu un nod \u00een g\u00e2t \u0219i cu o convingere profund\u0103: uneori, un gest mic nu schimb\u0103 lumea \u00eentreag\u0103\u2026 dar pentru cineva poate \u00eensemna totul.\"<\/p>\n      <p class=\"bpa-quote-source\">Asocia\u021bia Copii pentru Viitor <span>\u2014 jude\u021bul Hunedoara<\/span><\/p>\n    <\/div>\n\n    <div class=\"bpa-declaration\">\n      <p>\u201eS\u0103rb\u0103torile dor cel mai tare atunci c\u00e2nd masa este goal\u0103, iar singur\u0103tatea se simte mai acut. Dar mobilizarea din aceast\u0103 prim\u0103var\u0103 ne-a dovedit c\u0103 nu am uitat s\u0103 fim oameni. Vreau s\u0103 le mul\u021bumesc din suflet tuturor celor care au d\u0103ruit din pu\u021binul lor, voluntarilor prezen\u021bi la casele de marcat, partenerilor din retail \u0219i celor <strong>575 de organiza\u021bii partenere<\/strong> care au alergat contra cronometru pentru ca alimentele s\u0103 ajung\u0103 la timp, \u00eenainte de Pa\u0219te, pe mesele celor mai vulnerabili. <strong>Solidaritatea dumneavoastr\u0103 a transformat ni\u0219te simple cump\u0103r\u0103turi \u00een demnitate \u0219i grij\u0103.<\/strong>\"<\/p>\n      <p class=\"bpa-declaration-source\">Romuald Bulai \u2014 Pre\u0219edintele Federa\u021biei B\u0103ncilor pentru Alimente din Rom\u00e2nia<\/p>\n    <\/div>\n\n    <div class=\"bpa-about\">\n      <p class=\"bpa-about-title\">Despre Re\u021beaua B\u0103ncilor pentru Alimente<\/p>\n      <p><strong>Federa\u021bia B\u0103ncilor pentru Alimente din Rom\u00e2nia \u2013 FBAR<\/strong> \u0219i cele nou\u0103 B\u0103nci Regionale din Bucure\u0219ti, Cluj, Roman, Bra\u0219ov, Oradea, <strong>Timi\u0219oara<\/strong>, Constan\u021ba, Craiova \u0219i Gala\u021bi formeaz\u0103 o re\u021bea na\u021bional\u0103 de solidaritate care salveaz\u0103 zi de zi hran\u0103 de la risip\u0103 \u0219i o transform\u0103 \u00een sprijin real pentru comunit\u0103\u021bile vulnerabile. FBAR este membru al Federa\u021biei Europene a B\u0103ncilor pentru Alimente \u2013 FEBA.<\/p>\n      <div class=\"bpa-numbers\">\n        <span class=\"bpa-number-badge\">41.000+ tone colectate din 2016<\/span>\n        <span class=\"bpa-number-badge\">76 milioane por\u021bii de hran\u0103<\/span>\n        <span class=\"bpa-number-badge\">800+ ONG-uri partenere<\/span>\n        <span class=\"bpa-number-badge\">325.000 persoane beneficiare<\/span>\n      <\/div>\n    <\/div>\n\n  <\/div>\n\n  <!-- SURSA \u2014 stiluri inline pentru compatibilitate maxima WordPress -->\n  <div style=\"display:flex; align-items:center; gap:12px; padding:14px 18px; background:#f4f4f4; border-radius:8px; margin-top:32px;\">\n    <div style=\"width:36px; height:36px; border-radius:8px; background:#00534C; display:flex; align-items:center; justify-content:center; flex-shrink:0;\">\n      <svg width=\"18\" height=\"18\" viewbox=\"0 0 24 24\" fill=\"#fff\" xmlns=\"http:\/\/www.w3.org\/2000\/svg\">\n        <path d=\"M12 2C6.48 2 2 6.48 2 12s4.48 10 10 10 10-4.48 10-10S17.52 2 12 2zm-1 15v-4H7l5-8v4h4l-5 8z\"\/>\n      <\/svg>\n    <\/div>\n    <div style=\"flex:1; min-width:0;\">\n      <span style=\"font-size:11px; color:#888; font-weight:700; letter-spacing:1px; text-transform:uppercase; display:block; margin-bottom:2px;\">Surs\u0103<\/span>\n      <a href=\"https:\/\/www.romaniapozitiva.ro\/coltul-verde\/calatoria-sperantei-din-magazin-pe-masa-de-paste-cum-au-transformat-romanii-un-gest-de-donatie-intr-o-sarbatoare-fara-lipsuri-pentru-173-000-de-oameni-vulnerabili\/\" target=\"_blank\" rel=\"noopener noreferrer\" style=\"font-size:14px; font-weight:700; color:#00534C; text-decoration:none; display:block; white-space:nowrap; overflow:hidden; text-overflow:ellipsis;\">\n        Rom\u00e2nia Pozitiv\u0103 \u2014 articol original, 8 aprilie 2026\n      <\/a>\n    <\/div>\n    <span style=\"font-size:18px; color:#999; flex-shrink:0;\">\u2192<\/span>\n  <\/div>\n\n<\/div>","protected":false},"excerpt":{"rendered":"<p>Colecta Na\u021bional\u0103 de Alimente &middot; Pa\u0219te 2026 C\u0103l\u0103toria speran\u021bei \u2014 din magazin, pe masa de Pa\u0219te: cum au transformat rom\u00e2nii un gest de dona\u021bie \u00eentr-o s\u0103rb\u0103toare f\u0103r\u0103 lipsuri pentru 173.000 de oameni vulnerabili Re\u021beaua B\u0103ncilor pentru Alimente 8 aprilie 2026 Colecta Na\u021bional\u0103 de Alimente, edi\u021bia a 14-a 966 t alimente colectate 1.931.336 por\u021bii de hran\u0103 [&hellip;]<\/p>","protected":false},"author":3,"featured_media":1365,"comment_status":"closed","ping_status":"closed","sticky":false,"template":"","format":"standard","meta":{"give_campaign_id":0,"footnotes":""},"categories":[1],"tags":[],"class_list":["post-1364","post","type-post","status-publish","format-standard","has-post-thumbnail","hentry","category-uncategorized"],"_links":{"self":[{"href":"https:\/\/timisoara.bancapentrualimente.ro\/en\/wp-json\/wp\/v2\/posts\/1364","targetHints":{"allow":["GET"]}}],"collection":[{"href":"https:\/\/timisoara.bancapentrualimente.ro\/en\/wp-json\/wp\/v2\/posts"}],"about":[{"href":"https:\/\/timisoara.bancapentrualimente.ro\/en\/wp-json\/wp\/v2\/types\/post"}],"author":[{"embeddable":true,"href":"https:\/\/timisoara.bancapentrualimente.ro\/en\/wp-json\/wp\/v2\/users\/3"}],"replies":[{"embeddable":true,"href":"https:\/\/timisoara.bancapentrualimente.ro\/en\/wp-json\/wp\/v2\/comments?post=1364"}],"version-history":[{"count":2,"href":"https:\/\/timisoara.bancapentrualimente.ro\/en\/wp-json\/wp\/v2\/posts\/1364\/revisions"}],"predecessor-version":[{"id":1367,"href":"https:\/\/timisoara.bancapentrualimente.ro\/en\/wp-json\/wp\/v2\/posts\/1364\/revisions\/1367"}],"wp:featuredmedia":[{"embeddable":true,"href":"https:\/\/timisoara.bancapentrualimente.ro\/en\/wp-json\/wp\/v2\/media\/1365"}],"wp:attachment":[{"href":"https:\/\/timisoara.bancapentrualimente.ro\/en\/wp-json\/wp\/v2\/media?parent=1364"}],"wp:term":[{"taxonomy":"category","embeddable":true,"href":"https:\/\/timisoara.bancapentrualimente.ro\/en\/wp-json\/wp\/v2\/categories?post=1364"},{"taxonomy":"post_tag","embeddable":true,"href":"https:\/\/timisoara.bancapentrualimente.ro\/en\/wp-json\/wp\/v2\/tags?post=1364"}],"curies":[{"name":"wp","href":"https:\/\/api.w.org\/{rel}","templated":true}]}}