{"id":1326,"date":"2026-03-30T13:48:39","date_gmt":"2026-03-30T13:48:39","guid":{"rendered":"https:\/\/timisoara.bancapentrualimente.ro\/?p=1326"},"modified":"2026-03-30T16:16:54","modified_gmt":"2026-03-30T16:16:54","slug":"totul-are-legatura-cu-dragul-de-a-face-bine-semenilor","status":"publish","type":"post","link":"https:\/\/timisoara.bancapentrualimente.ro\/en\/totul-are-legatura-cu-dragul-de-a-face-bine-semenilor\/","title":{"rendered":"Totul are leg\u0103tur\u0103 cu dragul de a face bine semenilor"},"content":{"rendered":"<div data-elementor-type=\"wp-post\" data-elementor-id=\"1326\" class=\"elementor elementor-1326\">\n\t\t\t\t<div class=\"elementor-element elementor-element-524e399 e-flex e-con-boxed e-con e-parent\" data-id=\"524e399\" data-element_type=\"container\">\n\t\t\t\t\t<div class=\"e-con-inner\">\n\t\t\t\t\t<\/div>\n\t\t\t\t<\/div>\n\t\t<div class=\"elementor-element elementor-element-548d8bd e-con-full e-flex e-con e-parent\" data-id=\"548d8bd\" data-element_type=\"container\">\n\t\t\t\t<div class=\"elementor-element elementor-element-e6102d6 elementor-widget elementor-widget-html\" data-id=\"e6102d6\" data-element_type=\"widget\" data-widget_type=\"html.default\">\n\t\t\t\t<div class=\"elementor-widget-container\">\n\t\t\t\t\t<!DOCTYPE html>\r\n<html lang=\"ro\">\r\n<head>\r\n  <meta charset=\"UTF-8\">\r\n  <meta name=\"viewport\" content=\"width=device-width, initial-scale=1.0\">\r\n  <title>Hana Csaszar \u2014 Banca Regional\u0103 pentru Alimente Timi\u0219oara<\/title>\r\n  <link rel=\"preconnect\" href=\"https:\/\/fonts.googleapis.com\">\r\n  <link rel=\"preconnect\" href=\"https:\/\/fonts.gstatic.com\" crossorigin>\r\n  <link href=\"https:\/\/fonts.googleapis.com\/css2?family=Poppins:ital,wght@0,300;0,400;0,500;0,600;0,700;1,300;1,400&display=swap\" rel=\"stylesheet\">\r\n  <style>\r\n    *, *::before, *::after { box-sizing: border-box; margin: 0; padding: 0; }\r\n\r\n    body {\r\n      font-family: 'Poppins', sans-serif;\r\n      font-weight: 400;\r\n      font-size: 14px;\r\n      background: #fafaf8;\r\n      color: #1a1a1a;\r\n      line-height: 1.8;\r\n    }\r\n\r\n    .article-wrap {\r\n      width: 100%;\r\n      max-width: 1040px;\r\n      padding: 2.5rem 2rem 3.5rem;\r\n    }\r\n\r\n    \/* \u2500\u2500 Categorie \u2500\u2500 *\/\r\n    .article-category {\r\n      font-family: 'Poppins', sans-serif;\r\n      font-weight: 600;\r\n      font-size: 11px;\r\n      letter-spacing: 2.5px;\r\n      text-transform: uppercase;\r\n      color: #c0392b;\r\n      margin-bottom: 1rem;\r\n    }\r\n\r\n    \/* \u2500\u2500 Titlu H1 \u2014 24px Poppins 700 \u2500\u2500 *\/\r\n    .article-title {\r\n      font-family: 'Poppins', sans-serif;\r\n      font-weight: 700;\r\n      font-size: 24px;\r\n      line-height: 1.3;\r\n      color: #111111;\r\n      margin-bottom: 1.2rem;\r\n      letter-spacing: -0.3px;\r\n    }\r\n\r\n    \/* \u2500\u2500 Meta \u2500\u2500 *\/\r\n    .article-meta {\r\n      font-family: 'Poppins', sans-serif;\r\n      font-weight: 400;\r\n      font-size: 12px;\r\n      color: #888888;\r\n      border-top: 1px solid #e0e0e0;\r\n      border-bottom: 1px solid #e0e0e0;\r\n      padding: 0.65rem 0;\r\n      margin-bottom: 1.8rem;\r\n      display: flex;\r\n      flex-wrap: wrap;\r\n      gap: 4px 16px;\r\n      align-items: center;\r\n    }\r\n    .article-meta .author {\r\n      font-weight: 600;\r\n      color: #c0392b;\r\n    }\r\n\r\n    \/* \u2500\u2500 Lead \u2500\u2500 *\/\r\n    .article-lead {\r\n      font-family: 'Poppins', sans-serif;\r\n      font-weight: 300;\r\n      font-size: 15px;\r\n      line-height: 1.75;\r\n      color: #333333;\r\n      border-left: 4px solid #c0392b;\r\n      padding-left: 1.1rem;\r\n      margin-bottom: 2rem;\r\n      font-style: italic;\r\n    }\r\n\r\n    \/* \u2500\u2500 Paragraf standard \u2500\u2500 *\/\r\n    .article-body p {\r\n      font-family: 'Poppins', sans-serif;\r\n      font-weight: 300;\r\n      font-size: 14px;\r\n      line-height: 1.85;\r\n      color: #222222;\r\n      margin-bottom: 1.2rem;\r\n    }\r\n\r\n    \/* \u2500\u2500 Imagini \u2500\u2500 *\/\r\n    .article-img {\r\n      width: 100%;\r\n      height: auto;\r\n      display: block;\r\n      border-radius: 4px;\r\n      margin: 1.8rem 0 0.4rem;\r\n    }\r\n    .article-img-caption {\r\n      font-family: 'Poppins', sans-serif;\r\n      font-weight: 300;\r\n      font-size: 11px;\r\n      color: #999999;\r\n      font-style: italic;\r\n      margin-bottom: 1.8rem;\r\n      text-align: center;\r\n    }\r\n\r\n    \/* \u2500\u2500 \u00centreb\u0103ri \u2014 subtitluri 18px Poppins 600 \u2500\u2500 *\/\r\n    .qa-block {\r\n      margin: 1.8rem 0;\r\n    }\r\n    .qa-question {\r\n      font-family: 'Poppins', sans-serif;\r\n      font-weight: 600;\r\n      font-size: 18px;\r\n      line-height: 1.4;\r\n      color: #111111;\r\n      margin-bottom: 0.75rem;\r\n      letter-spacing: -0.2px;\r\n    }\r\n    .qa-answer {\r\n      border-left: 3px solid #e8e0d8;\r\n      padding-left: 1.1rem;\r\n    }\r\n    .qa-answer p {\r\n      font-family: 'Poppins', sans-serif;\r\n      font-weight: 300;\r\n      font-size: 14px;\r\n      line-height: 1.85;\r\n      color: #222222;\r\n      margin-bottom: 1rem;\r\n    }\r\n    .qa-answer p:last-child { margin-bottom: 0; }\r\n\r\n    \/* \u2500\u2500 Separator \u2500\u2500 *\/\r\n    .article-sep {\r\n      border: none;\r\n      border-top: 1px solid #e0e0e0;\r\n      margin: 2.2rem 0;\r\n    }\r\n\r\n    \/* \u2500\u2500 Surs\u0103 bibliografic\u0103 \u2500\u2500 *\/\r\n    .article-source {\r\n      font-family: 'Poppins', sans-serif;\r\n      font-size: 12px;\r\n      font-weight: 400;\r\n      color: #666666;\r\n      background: #f2f0ec;\r\n      border-radius: 6px;\r\n      padding: 1rem 1.3rem;\r\n      line-height: 1.7;\r\n    }\r\n    .article-source strong {\r\n      font-family: 'Poppins', sans-serif;\r\n      font-weight: 600;\r\n      color: #333333;\r\n      display: block;\r\n      margin-bottom: 4px;\r\n      font-size: 10px;\r\n      letter-spacing: 1.5px;\r\n      text-transform: uppercase;\r\n    }\r\n    .article-source em {\r\n      font-style: italic;\r\n      font-weight: 300;\r\n    }\r\n    .article-source a {\r\n      color: #c0392b;\r\n      text-decoration: none;\r\n      font-weight: 500;\r\n      word-break: break-all;\r\n    }\r\n    .article-source a:hover { text-decoration: underline; }\r\n\r\n    @media (max-width: 560px) {\r\n      .article-wrap { padding: 1.5rem 1rem 2.5rem; }\r\n      .article-title { font-size: 20px; }\r\n      .qa-question { font-size: 16px; }\r\n    }\r\n  <\/style>\r\n<\/head>\r\n<body>\r\n<article class=\"article-wrap\">\r\n\r\n  <p class=\"article-category\">Cariere de Poveste<\/p>\r\n\r\n  <h1 class=\"article-title\">Hana Csaszar, director Banca Regional\u0103 pentru Alimente Timi\u0219oara: \u201eTotul are leg\u0103tur\u0103 cu dragul de a face bine semenilor\"<\/h1>\r\n\r\n  <div class=\"article-meta\">\r\n    <span>De <span class=\"author\">Diana Lupulescu<\/span><\/span>\r\n    <span>30 martie 2026<\/span>\r\n  <\/div>\r\n\r\n  <p class=\"article-lead\">Hana Csaszar este directorul \u0219i fondatorul B\u0103ncii Regionale pentru Alimente Timi\u0219oara, o organiza\u021bie non-guvernamental\u0103 dedicat\u0103 combaterii risipei alimentare \u0219i sprijinirii persoanelor vulnerabile din vestul Rom\u00e2niei. Sub coordonarea sa, organiza\u021bia a reu\u0219it s\u0103 recupereze \u0219i s\u0103 redistribuie cantit\u0103\u021bi semnificative de alimente c\u0103tre zeci de mii de persoane s\u0103rmane.<\/p>\r\n\r\n  <div class=\"article-body\">\r\n    <p>Activitatea sa profesional\u0103 este completat\u0103 de o puternic\u0103 implicare personal\u0103 \u00een via\u021ba de familie, Hana Csaszar fiind mam\u0103 a trei b\u0103ie\u021bi \u0219i adopt\u00e2nd, totodat\u0103, o feti\u021b\u0103, un gest care reflect\u0103 valorile sale de empatie, responsabilitate \u0219i grij\u0103 fa\u021b\u0103 de ceilal\u021bi.<\/p>\r\n  <\/div>\r\n\r\n  <img decoding=\"async\" class=\"article-img\"\r\n       src=\"https:\/\/www.tion.ro\/wp-content\/uploads\/2026\/03\/4265109HanaCsaszar11.jpeg\"\r\n       alt=\"Hana Csaszar, director Banca Regional\u0103 pentru Alimente Timi\u0219oara\">\r\n  <p class=\"article-img-caption\">Hana Csaszar \u2014 foto: arhiv\u0103 personal\u0103 \/ tion.ro<\/p>\r\n\r\n  <div class=\"qa-block\">\r\n    <p class=\"qa-question\">Ce meserie ave\u021bi \u0219i cum a\u021bi ajuns s\u0103 coordona\u021bi activitatea B\u0103ncii Regionale pentru Alimente Timi\u0219oara?<\/p>\r\n    <div class=\"qa-answer\">\r\n      <p>Am terminat dou\u0103 specializ\u0103ri, pedagogie de recuperare \u0219i responsabil comunicare. E interesant pentru c\u0103 ambele au leg\u0103tur\u0103 cu persoana mea. Lucr\u00e2nd \u00een domeniul social de la 18 ani, am \u00eent\u00e2lnit toate formele de nevoi, din partea copiilor, adul\u021bilor \u0219i v\u00e2rstnicilor. S\u0103 fiu pedagog de recuperare m-a ajutat mult s\u0103 \u00een\u021beleg persoanele \u0219i copiii cu dizabilit\u0103\u021bi. Am descoperit, al\u0103turi de ei, la terapia prin art\u0103, cum se simt c\u00e2nd reu\u0219esc s\u0103 \u021bin\u0103 \u00een m\u00e2n\u0103, pre\u021b de c\u00e2teva secunde, un bure\u021bel cu o culoare acrilic\u0103. Pentru mine a fost uimitor s\u0103 v\u0103d ce mult conteaz\u0103 s\u0103 fim al\u0103turi de persoane care au aceast\u0103 nevoie de validare.<\/p>\r\n      <p>De-a lungul timpului, am lucrat \u00een diferite organiza\u021bii. Dup\u0103 ce am \u00eencheiat activitatea la leag\u0103nul din Arad, am plecat acas\u0103 cu un copila\u0219 \u00een adop\u021bie. Am r\u0103mas mereu \u00een cadrul organiza\u021biilor sociale, iar \u00een 2020, c\u00e2nd mi s-a f\u0103cut aceast\u0103 propunere de a deschide Banca pentru Alimente la Timi\u0219oara, c\u00e2nd eram \u00een plin\u0103 pandemie, am acceptat. M-a afectat s\u0103 v\u0103d atunci foarte multe informa\u021bii \u0219i video \u00een media despre oameni abandona\u021bi, izola\u021bi, la care nici preotul, din p\u0103cate, nu putea ajunge s\u0103 le dea ultima binecuv\u00e2ntare, din cauza pandemiei. \u00cen plus, erau multe companii blocate cu produse alimentare, care nu mai puteau s\u0103 ajung\u0103 nici \u00een HORECA. Vorbim \u0219i de laptele \u0219colar. Erau cantit\u0103\u021bi mari de produse. Astfel, \u00eempreun\u0103 cu c\u00e2\u021biva prieteni, am decis s\u0103 deschidem banca la Timi\u0219oara.<\/p>\r\n    <\/div>\r\n  <\/div>\r\n\r\n  <div class=\"qa-block\">\r\n    <p class=\"qa-question\">C\u00e2\u021bi oameni a\u021bi ajutat cu alimente?<\/p>\r\n    <div class=\"qa-answer\">\r\n      <p>Cred c\u0103 sunt peste 30.000 de oameni \u2014 pentru c\u0103 a fost perioada de pandemie, de r\u0103zboi, \u0219i cu siguran\u021b\u0103 \u00een rapoartele noastre nu au putut fi incluse toate persoanele care au fost ajutate prin proiectul Banca pentru Alimente. Facem \u0219i aceste rapoarte deoarece e nevoie s\u0103 avem o claritate a muncii noastre \u0219i pentru finan\u021batori \u0219i donatori. Ajut\u0103m constant 27.000 de persoane \u00een toat\u0103 regiunea de vest, Timi\u0219, Cara\u0219-Severin, Hunedoara \u0219i Arad. Banca pentru Alimente are nou\u0103 b\u0103nci regionale \u00een toat\u0103 Rom\u00e2nia. Suntem o re\u021bea de b\u0103nci sub tutela Federa\u021biei B\u0103ncilor pentru Alimente din Rom\u00e2nia. Banca pentru Alimente Timi\u0219oara deserve\u0219te aproape 100 de organiza\u021bii care lun\u0103 de lun\u0103 primesc alimente de la banc\u0103 \u0219i de la donatorii no\u0219tri.<\/p>\r\n      <p>Bucuria este foarte mare \u00een urma acestei munci, pentru c\u0103 p\u00e2n\u0103 la urm\u0103 e o munc\u0103 asidu\u0103 ce presupune toat\u0103 partea de coordonare. Alimentele se pun la frigider, ne uit\u0103m la termenul de valabilitate, la toate detaliile. Uit\u00e2ndu-m\u0103 \u00een urm\u0103, v\u0103d c\u0103 nimic nu s-a f\u0103cut f\u0103r\u0103 efort, dedicare \u0219i toate acestea au leg\u0103tur\u0103 cu dragul de a face bine pentru semeni. Pentru c\u0103, p\u00e2n\u0103 la urm\u0103, to\u021bi putem s\u0103 ajut\u0103m, dar noi am vrut s\u0103 facem totul ca la carte, \u021bin\u00e2nd cont de siguran\u021ba alimentar\u0103, de legisla\u021bie.<\/p>\r\n      <p>Recent am avut Colecta Na\u021bional\u0103 de Alimente, de Pa\u0219te, edi\u021bia cu num\u0103rul 14. Am avut 130 de magazine \u00een toate cele patru jude\u021be din vestul \u021b\u0103rii \u0219i peste 600 de voluntari. Suntem o echip\u0103 uimitoare, iar eu sunt a\u0219a de bucuroas\u0103 pentru c\u0103 n-a fost u\u0219or s\u0103 g\u0103sim oameni dedica\u021bi, care s\u0103 \u0219i empatizeze cu cauza. Ne mi\u0219c\u0103 foarte mult pove\u0219tile v\u00e2rstnicilor izola\u021bi, singuri. \u0218i de multe ori la anumite pove\u0219ti reac\u021bionezi ca un om, pl\u00e2ngi \u00eenfundat atunci c\u00e2nd afli c\u0103 din dona\u021bia noastr\u0103 tanti Maria de l\u00e2ng\u0103 S\u0103v\u00e2r\u0219in a primit un tort de ziua sa de na\u0219tere, ceea ce nu mai avuse de 40 de ani. Iar voluntarii i-au c\u00e2ntat La mul\u021bi ani.<\/p>\r\n    <\/div>\r\n  <\/div>\r\n\r\n  <div class=\"qa-block\">\r\n    <p class=\"qa-question\">Cu excep\u021bia colectelor de Pa\u0219te \u0219i Cr\u0103ciun, cum poate un om de r\u00e2nd s\u0103 doneze alimente?<\/p>\r\n    <div class=\"qa-answer\">\r\n      <p>Din p\u0103cate, nu prea poate, pentru c\u0103 toate alimentele pe care le colect\u0103m le lu\u0103m de la persoanele juridice \u00eentruc\u00e2t e nevoie de trasabilitatea produselor. Avem un contract, iar c\u00e2nd ei ne dau acele avize, scrie lotul, scrie termenul de valabilitate. Cei pe care \u00eei ajut\u0103m, nu merg s\u0103 cear\u0103. Sunt acei oameni care sunt ajuta\u021bi de organiza\u021biile partenere, dar nu sunt acei oameni care stau cu m\u00e2na \u00eentins\u0103. Au o demnitate ie\u0219it\u0103 din comun \u0219i atunci c\u00e2nd merg la o companie \u0219i vorbesc, \u0219tiu c\u0103, \u00eentr-un fel, sunt vocea acelor oameni, care nu au voce s\u0103 cear\u0103. Sunt copii care merg mai degrab\u0103 la \u0219coal\u0103 pentru cornul \u0219i laptele dec\u00e2t pentru educa\u021bie.<\/p>\r\n    <\/div>\r\n  <\/div>\r\n\r\n  <img decoding=\"async\" class=\"article-img\"\r\n       src=\"https:\/\/www.tion.ro\/wp-content\/uploads\/2026\/03\/4265105HanaCsaszar4.jpeg\"\r\n       alt=\"Hana Csaszar \u2014 activitate Banca pentru Alimente Timi\u0219oara\">\r\n  <p class=\"article-img-caption\">Foto: arhiv\u0103 personal\u0103 \/ tion.ro<\/p>\r\n\r\n  <div class=\"qa-block\">\r\n    <p class=\"qa-question\">Cum ajung oamenii s\u0103rmani s\u0103 fie beneficiarii dumneavoastr\u0103?<\/p>\r\n    <div class=\"qa-answer\">\r\n      <p>\u00cen primul r\u00e2nd, avem aceste organiza\u021bii care au \u00een grij\u0103 semeni, de exemplu \u0219i cantinele sociale au beneficiari \u0219i de multe ori ei ne solicit\u0103. Sunt persoane cu probleme care ne caut\u0103 \u0219i la telefon \u0219i pe re\u021belele sociale \u0219i \u00eencerc\u0103m s\u0103 verific\u0103m aceste cazuri prin organiza\u021biile noastre partenere. De multe ori, rezolvarea e la un telefon distan\u021b\u0103. Simt uneori c\u0103 sunt multe cazuri \u0219i c\u0103 poate uneori vin ca o avalan\u0219\u0103, dar m\u0103 mi\u0219c\u0103 s\u0103 \u0219tiu c\u0103 putem fi un r\u0103spuns pentru o familie, o persoan\u0103.<\/p>\r\n      <p>Cred c\u0103 e minunat s\u0103 putem s\u0103 vedem c\u0103, dincolo de a oferi hran\u0103, oferim \u0219i demnitate \u0219i speran\u021b\u0103. La colect\u0103 vedem concret ce \u00eenseamn\u0103 s\u0103 nu ai, dar totu\u0219i s\u0103 dai. Pentru c\u0103 sunt bunicu\u021be care vin \u0219i spun: am cinci lei p\u00e2n\u0103 la pensie, dar o eugenie tot o s\u0103 cump\u0103r pentru voi.<\/p>\r\n    <\/div>\r\n  <\/div>\r\n\r\n  <div class=\"qa-block\">\r\n    <p class=\"qa-question\">Primi\u021bi hran\u0103 \u0219i dup\u0103 diverse petreceri?<\/p>\r\n    <div class=\"qa-answer\">\r\n      <p>Da. Am avut solicit\u0103ri, nu foarte multe, \u0219i atunci, ca s\u0103 nu facem un traseu foarte lung \u2014 pentru c\u0103 alimentele din HORECA trebuie s\u0103 r\u0103m\u00e2n\u0103 cu acea temperatur\u0103 cald\u0103 \u2014 am pus imediat \u00een leg\u0103tur\u0103, de exemplu, Azilul de Noapte cu restaurantele. Dar \u0219i Casa Ronald McDonald's, unde stau p\u0103rin\u021bii copiilor interna\u021bi la \u201eLouis \u021aurcanu\". Am mai avut por\u021bii de m\u00e2ncare de la cantina Universit\u0103\u021bii de Vest. La noi nu exist\u0103 alimente care s\u0103 nu fie de folos.<\/p>\r\n    <\/div>\r\n  <\/div>\r\n\r\n  <img decoding=\"async\" class=\"article-img\"\r\n       src=\"https:\/\/www.tion.ro\/wp-content\/uploads\/2026\/03\/4265104HanaCsaszar2.jpeg\"\r\n       alt=\"Hana Csaszar \u2014 Banca pentru Alimente Timi\u0219oara\">\r\n  <p class=\"article-img-caption\">Foto: arhiv\u0103 personal\u0103 \/ tion.ro<\/p>\r\n\r\n  <div class=\"qa-block\">\r\n    <p class=\"qa-question\">Pentru c\u00e2te organiza\u021bii furniza\u021bi hran\u0103?<\/p>\r\n    <div class=\"qa-answer\">\r\n      <p>Sunt peste 97 de organiza\u021bii, \u00een toate cele patru jude\u021be din vest \u0219i \u00eencerc\u0103m foarte mult s\u0103 facem economie de resurse. Nu vedem sensul s\u0103 plece ma\u0219ina din Timi\u0219oara s\u0103 colecteze din Hunedoara, s\u0103 le aducem aici \u0219i apoi s\u0103 chem\u0103m asocia\u021biile \u00een Hunedoara, s\u0103 le distribuim. \u0218i atunci alimentele din Hunedoara r\u0103m\u00e2n acolo, le don\u0103m acolo, Caransebe\u0219 la fel.<\/p>\r\n    <\/div>\r\n  <\/div>\r\n\r\n  <div class=\"qa-block\">\r\n    <p class=\"qa-question\">Cum putem combate acas\u0103 risipa alimentar\u0103?<\/p>\r\n    <div class=\"qa-answer\">\r\n      <p>S\u0103 facem o list\u0103 de cump\u0103r\u0103turi \u00eenainte s\u0103 mergem la cump\u0103r\u0103turi uit\u00e2ndu-ne la ce avem deja \u00een frigider \u0219i s\u0103 consum\u0103m ce e \u00een frigider c\u00e2t se poate de rapid. Cump\u0103r\u0103turile noi s\u0103 le punem mai \u00een spate \u00een frigider \u0219i cele vechi s\u0103 le aducem \u00een fa\u021b\u0103 ca s\u0103 le consum\u0103m. \u0218i pe copii \u00eei \u00eenv\u0103\u021b\u0103m s\u0103 fac\u0103 \u00eempreun\u0103 cu p\u0103rin\u021bii, de exemplu, s\u00e2mb\u0103ta, masa cu ce avem prin frigider \u2014 de la brio\u0219e s\u0103rate la tot felul de toc\u0103ni\u021be \u0219i supe creme. Se pot face o multitudine de re\u021bete. \u0218i, p\u00e2n\u0103 la urm\u0103, e foarte important s\u0103 \u0219tim un lucru: c\u0103 arunc\u00e2nd m\u00e2ncarea, ne arunc\u0103m propriii bani la gunoi. Statisticile spun c\u0103 \u00een Rom\u00e2nia 49% din risip\u0103 e acas\u0103.<\/p>\r\n    <\/div>\r\n  <\/div>\r\n\r\n  <div class=\"qa-block\">\r\n    <p class=\"qa-question\">De ce anume ar trebui s\u0103 \u021bin\u0103 cont tinerii c\u00e2nd \u00ee\u0219i aleg viitoarea ocupa\u021bie?<\/p>\r\n    <div class=\"qa-answer\">\r\n      <p>E o decizie care, atunci c\u00e2nd alegi s\u0103 mergi, de exemplu, la o facultate, nu tot timpul are relevan\u021b\u0103 cu ce ai s\u0103 faci mai departe. Spun asta din punct de vedere personal, dar indiferent ce am g\u00e2ndit sau cum am f\u0103cut lucrurile, mi-am dat seama c\u00e2t de important este ca eu s\u0103 fiu aproape de oameni. Fiecare om \u00ee\u0219i d\u0103 seama ce \u00eei place sau cu ce idee fuzioneaz\u0103 \u0219i chiar dac\u0103 e mic imboldul, trebuie s\u0103 mergi \u00een acea direc\u021bie.<\/p>\r\n      <p>Este important s\u0103 facem ce sim\u021bim, s\u0103 ne ascult\u0103m inima c\u00e2nd lu\u0103m ni\u0219te decizii, pentru c\u0103, sigur, deciziile ra\u021bionale cu creierul sunt foarte importante, dar dac\u0103 inimioara nu e lini\u0219tit\u0103, nu putem s\u0103 d\u0103m randament \u0219i nici nu ies lucrurile. De aceea, cred c\u0103 e important s\u0103 r\u0103spunzi la ce zice inimioara.<\/p>\r\n    <\/div>\r\n  <\/div>\r\n\r\n  <hr class=\"article-sep\">\r\n\r\n  <div class=\"article-source\">\r\n    <strong>Surs\u0103<\/strong>\r\n    Diana Lupulescu, <em>\u201eHana Csaszar, director Banca Regional\u0103 pentru Alimente Timi\u0219oara: \u00abTotul are leg\u0103tur\u0103 cu dragul de a face bine semenilor\u00bb\"<\/em>, publicat \u00een <strong>Tion.ro<\/strong> \u2014 Cariere de Poveste, 30 martie 2026.<br>\r\n    <a href=\"https:\/\/www.tion.ro\/cariere-de-poveste\/hana-csaszar-director-banca-regionala-pentru-alimente-timisoara-totul-are-legatura-cu-dragul-de-a-face-bine-semenilor-2252317\/\" target=\"_blank\" rel=\"noopener\">\r\n      www.tion.ro\/cariere-de-poveste\/hana-csaszar-director-banca-regionala-\u2026\r\n    <\/a>\r\n  <\/div>\r\n\r\n<\/article>\r\n<\/body>\r\n<\/html>\t\t\t\t<\/div>\n\t\t\t\t<\/div>\n\t\t\t\t<\/div>\n\t\t\t\t<\/div>","protected":false},"excerpt":{"rendered":"<p>Hana Csaszar \u2014 Banca Regional\u0103 pentru Alimente Timi\u0219oara Cariere de Poveste Hana Csaszar, director Banca Regional\u0103 pentru Alimente Timi\u0219oara: \u201eTotul are leg\u0103tur\u0103 cu dragul de a face bine semenilor\" De Diana Lupulescu 30 martie 2026 Hana Csaszar este directorul \u0219i fondatorul B\u0103ncii Regionale pentru Alimente Timi\u0219oara, o organiza\u021bie non-guvernamental\u0103 dedicat\u0103 combaterii risipei alimentare \u0219i sprijinirii [&hellip;]<\/p>","protected":false},"author":3,"featured_media":1331,"comment_status":"closed","ping_status":"closed","sticky":false,"template":"","format":"standard","meta":{"give_campaign_id":0,"footnotes":""},"categories":[1],"tags":[50,41,43,49,48,44],"class_list":["post-1326","post","type-post","status-publish","format-standard","has-post-thumbnail","hentry","category-uncategorized","tag-bancapentrualimentetimisoara","tag-bpatimisoara","tag-combatemrisipaalimentara","tag-comtim","tag-jurnalulluitim","tag-sustenabilitate"],"_links":{"self":[{"href":"https:\/\/timisoara.bancapentrualimente.ro\/en\/wp-json\/wp\/v2\/posts\/1326","targetHints":{"allow":["GET"]}}],"collection":[{"href":"https:\/\/timisoara.bancapentrualimente.ro\/en\/wp-json\/wp\/v2\/posts"}],"about":[{"href":"https:\/\/timisoara.bancapentrualimente.ro\/en\/wp-json\/wp\/v2\/types\/post"}],"author":[{"embeddable":true,"href":"https:\/\/timisoara.bancapentrualimente.ro\/en\/wp-json\/wp\/v2\/users\/3"}],"replies":[{"embeddable":true,"href":"https:\/\/timisoara.bancapentrualimente.ro\/en\/wp-json\/wp\/v2\/comments?post=1326"}],"version-history":[{"count":14,"href":"https:\/\/timisoara.bancapentrualimente.ro\/en\/wp-json\/wp\/v2\/posts\/1326\/revisions"}],"predecessor-version":[{"id":1348,"href":"https:\/\/timisoara.bancapentrualimente.ro\/en\/wp-json\/wp\/v2\/posts\/1326\/revisions\/1348"}],"wp:featuredmedia":[{"embeddable":true,"href":"https:\/\/timisoara.bancapentrualimente.ro\/en\/wp-json\/wp\/v2\/media\/1331"}],"wp:attachment":[{"href":"https:\/\/timisoara.bancapentrualimente.ro\/en\/wp-json\/wp\/v2\/media?parent=1326"}],"wp:term":[{"taxonomy":"category","embeddable":true,"href":"https:\/\/timisoara.bancapentrualimente.ro\/en\/wp-json\/wp\/v2\/categories?post=1326"},{"taxonomy":"post_tag","embeddable":true,"href":"https:\/\/timisoara.bancapentrualimente.ro\/en\/wp-json\/wp\/v2\/tags?post=1326"}],"curies":[{"name":"wp","href":"https:\/\/api.w.org\/{rel}","templated":true}]}}