{"id":1305,"date":"2026-03-23T13:01:13","date_gmt":"2026-03-23T13:01:13","guid":{"rendered":"https:\/\/timisoara.bancapentrualimente.ro\/?p=1305"},"modified":"2026-03-23T13:16:46","modified_gmt":"2026-03-23T13:16:46","slug":"%f0%9f%9f%a2-ambasador-al-solidaritatii-sociale-2026","status":"publish","type":"post","link":"https:\/\/timisoara.bancapentrualimente.ro\/en\/%f0%9f%9f%a2-ambasador-al-solidaritatii-sociale-2026\/","title":{"rendered":"\ud83d\udfe2 AMBASADOR AL SOLIDARIT\u0102\u021aII SOCIALE 2026"},"content":{"rendered":"<!-- WIDGET IZOLAT - nu afecteaz\u0103 CSS-ul site-ului -->\n<div class=\"solidarity-widget-2026\">\n    <div class=\"sw-header\">\n        <div class=\"sw-badge-icon\">\ud83c\udfc6<\/div>\n        <div class=\"sw-award-title\">Distinc\u021bie de Onoare<\/div>\n        <div class=\"sw-main-title\">\n            AMBASADOR <span>AL<\/span><br>\n            SOLIDARIT\u0102\u021aII<br>\n            SOCIALE\n        <\/div>\n        <div class=\"sw-year\">2026<\/div>\n    <\/div>\n\n    <div class=\"sw-content\">\n        <div class=\"sw-date-highlight\">\ud83d\udcc5 22 MARTIE 2026<\/div>\n        \n        <p class=\"sw-text\">\n            \u00cen seara zilei de <strong>22 martie<\/strong>, \u00een ultima zi de \n            <strong>Colect\u0103 Na\u021bional\u0103 de Alimente<\/strong>, am primit un premiu \n            care ne onoreaz\u0103 \u0219i ne emo\u021bioneaz\u0103 profund.\n        <\/p>\n\n        <div class=\"sw-quote\">\n            <p class=\"sw-quote-text\">\n                \u201eMul\u021bumim lui Dumnezeu pentru acest moment, lui Gabi Sescu \n                \u0219i tuturor colegilor, prietenilor, organiza\u021biilor partenere \n                \u0219i voluntarilor care fac posibil, zi de zi, ceea ce construim \u00eempreun\u0103.\u201d\n            <\/p>\n        <\/div>\n\n        <div class=\"sw-special\">\n            <p class=\"sw-special-text\">\n                \ud83c\udf1f Un g\u00e2nd special pentru <span class=\"sw-name\">Mihai \u021aepe\u0219<\/span>, \n                membru fondator \u0219i colegul nostru din Arad, datorit\u0103 c\u0103ruia \n                am fost aproape de comunitatea de aici \u00eenc\u0103 de la \u00eenceput.\n            <\/p>\n        <\/div>\n    <\/div>\n\n    <div class=\"sw-footer\">\n        <div class=\"sw-footer-message\">\n            <span>\ud83d\udc9a<\/span> Premiul este al tuturor! <span>\ud83d\ude4f<\/span>\n        <\/div>\n        <div class=\"sw-accent-line\"><\/div>\n        <div class=\"sw-footer-sub\">\n            Solidaritate \u00b7 Implicare \u00b7 Comunitate\n        <\/div>\n    <\/div>\n<\/div>\n\n<style>\n\/* Toate stilurile sunt prefixate cu .solidarity-widget-2026 - NU afecteaz\u0103 restul site-ului *\/\n.solidarity-widget-2026 {\n    max-width: 580px;\n    width: 100%;\n    background: #ffffff;\n    border-radius: 32px;\n    overflow: hidden;\n    box-shadow: 0 25px 50px -12px rgba(0, 0, 0, 0.25);\n    font-family: 'Poppins', 'Segoe UI', sans-serif;\n    margin: 0 auto;\n    transition: transform 0.3s ease, box-shadow 0.3s ease;\n}\n\n.solidarity-widget-2026:hover {\n    transform: translateY(-4px);\n    box-shadow: 0 30px 60px -12px rgba(0, 0, 0, 0.3);\n}\n\n\/* Header *\/\n.solidarity-widget-2026 .sw-header {\n    background: linear-gradient(135deg, #00534c 0%, #003d38 100%);\n    padding: 40px 20px 30px;\n    text-align: center;\n    border-bottom: 4px solid #ff5900;\n}\n\n.solidarity-widget-2026 .sw-badge-icon {\n    width: 80px;\n    height: 80px;\n    background: rgba(255, 255, 255, 0.1);\n    border-radius: 50%;\n    display: flex;\n    align-items: center;\n    justify-content: center;\n    margin: 0 auto 20px;\n    font-size: 40px;\n}\n\n.solidarity-widget-2026 .sw-award-title {\n    font-size: 14px;\n    letter-spacing: 2px;\n    text-transform: uppercase;\n    color: rgba(255, 255, 255, 0.8);\n    font-weight: 500;\n    margin-bottom: 12px;\n}\n\n.solidarity-widget-2026 .sw-main-title {\n    font-size: 32px;\n    font-weight: 800;\n    color: #ffffff;\n    line-height: 1.2;\n    margin-bottom: 8px;\n}\n\n.solidarity-widget-2026 .sw-main-title span {\n    color: #ff5900;\n}\n\n.solidarity-widget-2026 .sw-year {\n    font-size: 48px;\n    font-weight: 800;\n    color: #ff5900;\n    letter-spacing: 4px;\n    margin-top: 15px;\n}\n\n\/* Content *\/\n.solidarity-widget-2026 .sw-content {\n    padding: 32px 28px 36px;\n}\n\n.solidarity-widget-2026 .sw-date-highlight {\n    display: inline-block;\n    background: #06c900;\n    color: #ffffff;\n    font-size: 12px;\n    font-weight: 600;\n    padding: 6px 14px;\n    border-radius: 30px;\n    margin-bottom: 24px;\n    letter-spacing: 0.5px;\n}\n\n.solidarity-widget-2026 .sw-text {\n    color: #2d3e3c;\n    font-size: 16px;\n    line-height: 1.65;\n    margin-bottom: 20px;\n    font-weight: 400;\n}\n\n.solidarity-widget-2026 .sw-text strong {\n    color: #00534c;\n    font-weight: 700;\n}\n\n.solidarity-widget-2026 .sw-quote {\n    background: #f8faf8;\n    border-left: 4px solid #ff5900;\n    padding: 18px 22px;\n    margin: 28px 0;\n    border-radius: 0 16px 16px 0;\n}\n\n.solidarity-widget-2026 .sw-quote-text {\n    margin: 0;\n    font-style: italic;\n    color: #00534c;\n    font-weight: 500;\n    font-size: 15px;\n    line-height: 1.5;\n}\n\n.solidarity-widget-2026 .sw-special {\n    background: linear-gradient(95deg, #fff7eb 0%, #ffffff 100%);\n    padding: 18px 22px;\n    border-radius: 20px;\n    margin: 24px 0;\n    border: 1px solid rgba(255, 89, 0, 0.2);\n}\n\n.solidarity-widget-2026 .sw-special-text {\n    margin: 0;\n    font-weight: 500;\n    color: #2d3e3c;\n    line-height: 1.5;\n}\n\n.solidarity-widget-2026 .sw-name {\n    color: #ff5900;\n    font-weight: 700;\n}\n\n\/* Footer *\/\n.solidarity-widget-2026 .sw-footer {\n    text-align: center;\n    padding: 20px 28px 28px;\n    border-top: 1px solid #eef2f0;\n}\n\n.solidarity-widget-2026 .sw-footer-message {\n    font-size: 20px;\n    font-weight: 700;\n    color: #06c900;\n    margin-bottom: 8px;\n    display: flex;\n    align-items: center;\n    justify-content: center;\n    gap: 8px;\n}\n\n.solidarity-widget-2026 .sw-footer-message span {\n    font-size: 24px;\n}\n\n.solidarity-widget-2026 .sw-accent-line {\n    width: 60px;\n    height: 3px;\n    background: #ff5900;\n    margin: 20px auto 0;\n    border-radius: 3px;\n}\n\n.solidarity-widget-2026 .sw-footer-sub {\n    font-size: 13px;\n    color: #8ba39e;\n    letter-spacing: 0.5px;\n    margin-top: 12px;\n}\n\n\/* Responsive *\/\n@media (max-width: 480px) {\n    .solidarity-widget-2026 {\n        border-radius: 24px;\n    }\n    .solidarity-widget-2026 .sw-content {\n        padding: 24px 20px 28px;\n    }\n    .solidarity-widget-2026 .sw-main-title {\n        font-size: 26px;\n    }\n    .solidarity-widget-2026 .sw-year {\n        font-size: 36px;\n    }\n    .solidarity-widget-2026 .sw-footer-message {\n        font-size: 18px;\n    }\n}\n<\/style>","protected":false},"excerpt":{"rendered":"<p>\ud83c\udfc6 Distinc\u021bie de Onoare AMBASADOR AL SOLIDARIT\u0102\u021aII SOCIALE 2026 \ud83d\udcc5 22 MARTIE 2026 \u00cen seara zilei de 22 martie, \u00een ultima zi de Colect\u0103 Na\u021bional\u0103 de Alimente, am primit un premiu care ne onoreaz\u0103 \u0219i ne emo\u021bioneaz\u0103 profund. \u201eMul\u021bumim lui Dumnezeu pentru acest moment, lui Gabi Sescu \u0219i tuturor colegilor, prietenilor, organiza\u021biilor partenere \u0219i voluntarilor [&hellip;]<\/p>","protected":false},"author":3,"featured_media":1318,"comment_status":"closed","ping_status":"closed","sticky":false,"template":"","format":"standard","meta":{"give_campaign_id":0,"footnotes":""},"categories":[1],"tags":[],"class_list":["post-1305","post","type-post","status-publish","format-standard","has-post-thumbnail","hentry","category-uncategorized"],"_links":{"self":[{"href":"https:\/\/timisoara.bancapentrualimente.ro\/en\/wp-json\/wp\/v2\/posts\/1305","targetHints":{"allow":["GET"]}}],"collection":[{"href":"https:\/\/timisoara.bancapentrualimente.ro\/en\/wp-json\/wp\/v2\/posts"}],"about":[{"href":"https:\/\/timisoara.bancapentrualimente.ro\/en\/wp-json\/wp\/v2\/types\/post"}],"author":[{"embeddable":true,"href":"https:\/\/timisoara.bancapentrualimente.ro\/en\/wp-json\/wp\/v2\/users\/3"}],"replies":[{"embeddable":true,"href":"https:\/\/timisoara.bancapentrualimente.ro\/en\/wp-json\/wp\/v2\/comments?post=1305"}],"version-history":[{"count":10,"href":"https:\/\/timisoara.bancapentrualimente.ro\/en\/wp-json\/wp\/v2\/posts\/1305\/revisions"}],"predecessor-version":[{"id":1316,"href":"https:\/\/timisoara.bancapentrualimente.ro\/en\/wp-json\/wp\/v2\/posts\/1305\/revisions\/1316"}],"wp:featuredmedia":[{"embeddable":true,"href":"https:\/\/timisoara.bancapentrualimente.ro\/en\/wp-json\/wp\/v2\/media\/1318"}],"wp:attachment":[{"href":"https:\/\/timisoara.bancapentrualimente.ro\/en\/wp-json\/wp\/v2\/media?parent=1305"}],"wp:term":[{"taxonomy":"category","embeddable":true,"href":"https:\/\/timisoara.bancapentrualimente.ro\/en\/wp-json\/wp\/v2\/categories?post=1305"},{"taxonomy":"post_tag","embeddable":true,"href":"https:\/\/timisoara.bancapentrualimente.ro\/en\/wp-json\/wp\/v2\/tags?post=1305"}],"curies":[{"name":"wp","href":"https:\/\/api.w.org\/{rel}","templated":true}]}}