{"id":1301,"date":"2026-03-19T09:57:15","date_gmt":"2026-03-19T09:57:15","guid":{"rendered":"https:\/\/timisoara.bancapentrualimente.ro\/?p=1301"},"modified":"2026-03-19T09:57:16","modified_gmt":"2026-03-19T09:57:16","slug":"impreuna-hranim-speranta-colecta-de-alimente-mobilizeaza-comunitatile-din-vestul-tarii","status":"publish","type":"post","link":"https:\/\/timisoara.bancapentrualimente.ro\/en\/impreuna-hranim-speranta-colecta-de-alimente-mobilizeaza-comunitatile-din-vestul-tarii\/","title":{"rendered":"\u201e\u00cempreun\u0103 hr\u0103nim speran\u021ba\u201d. Colecta de alimente mobilizeaz\u0103 comunit\u0103\u021bile din vestul \u021b\u0103rii"},"content":{"rendered":"<p><strong>Tr\u0103im vremuri \u00een care pentru mul\u021bi oameni o mas\u0103 cald\u0103 este un lucru obi\u0219nuit. Din p\u0103cate, exist\u0103 \u00eenc\u0103 numeroase persoane pentru care hrana r\u0103m\u00e2ne un lux. \u00cen acest context, Colecta Na\u021bional\u0103 de Alimente, ajuns\u0103 la edi\u021bia cu num\u0103rul 14, revine cu un apel la solidaritate, transform\u00e2nd compasiunea \u00een ac\u021biune concret\u0103.<\/strong><\/p>\n\n\n\n<figure class=\"wp-block-image size-full\"><img fetchpriority=\"high\" decoding=\"async\" width=\"650\" height=\"435\" src=\"https:\/\/timisoara.bancapentrualimente.ro\/wp-content\/uploads\/2026\/03\/3827925colectabancapentrualimente1.jpg\" alt=\"\" class=\"wp-image-1302\" srcset=\"https:\/\/timisoara.bancapentrualimente.ro\/wp-content\/uploads\/2026\/03\/3827925colectabancapentrualimente1.jpg 650w, https:\/\/timisoara.bancapentrualimente.ro\/wp-content\/uploads\/2026\/03\/3827925colectabancapentrualimente1-300x201.jpg 300w, https:\/\/timisoara.bancapentrualimente.ro\/wp-content\/uploads\/2026\/03\/3827925colectabancapentrualimente1-18x12.jpg 18w\" sizes=\"(max-width: 650px) 100vw, 650px\" \/><\/figure>\n\n\n\n<p>Campania este organizat\u0103 de Federa\u021bia B\u0103ncilor pentru Alimente din Rom\u00e2nia, al\u0103turi de re\u021beaua celor nou\u0103 b\u0103nci regionale \u0219i partenerii s\u0103i, mobiliz\u00e2nd comunit\u0103\u021bi din \u00eentreaga \u021bar\u0103. \u00cen regiunea de vest, peste 130 de magazine din jude\u021bele Arad, Cara\u0219-Severin, Hunedoara \u0219i Timi\u0219 devin, \u00een acest weekend, puncte de colectare pentru dona\u021bii.<\/p>\n\n\n\n<p>Ac\u021biunea se desf\u0103\u0219oar\u0103 \u00een marile lan\u021buri de retail, precum Lidl, Penny, Auchan, Kaufland \u0219i Profi, unde clien\u021bii sunt \u00eencuraja\u021bi s\u0103 doneze alimente neperisabile. Gestul, de\u0219i simplu, poate avea un impact major pentru persoanele aflate \u00een dificultate.<\/p>\n\n\n\n<p>Peste 800 de voluntari vor fi prezen\u021bi \u00een magazinele din vestul \u021b\u0103rii, preg\u0103ti\u021bi s\u0103 ofere informa\u021bii \u0219i s\u0103 \u00eencurajeze implicarea. Ace\u0219tia devin veriga esen\u021bial\u0103 \u00eentre generozitatea donatorilor \u0219i nevoile reale ale beneficiarilor.<\/p>\n\n\n\n<p>Sub sloganul \u201e\u00cempreun\u0103 hr\u0103nim speran\u021ba. Binele \u00eencepe ajut\u00e2nd concret semenii din comunitate\u201d, campania scoate \u00een eviden\u021b\u0103 puterea gesturilor mici, dar semnificative. Fiecare produs donat reprezint\u0103 nu doar hran\u0103, ci \u0219i un semn de solidaritate \u0219i sprijin pentru cei vulnerabili.<\/p>\n\n\n\n<p>Organizat\u0103 de dou\u0103 ori pe an, \u00een preajma Pa\u0219telui \u0219i a Cr\u0103ciunului, Colecta Na\u021bional\u0103 de Alimente a devenit un simbol al responsabilit\u0103\u021bii sociale \u00een Rom\u00e2nia. Cu fiecare edi\u021bie, ini\u021biativa contribuie la consolidarea unei comunit\u0103\u021bi mai unite \u0219i mai atente la nevoile celor din jur.<\/p>\n\n\n\n<p>Timi\u0219enii sunt invita\u021bi s\u0103 se al\u0103ture acestei ac\u021biuni \u0219i s\u0103 sprijine eforturile b\u0103ncilor pentru alimente \u00een misiunea lor de a aduce \u201ebinele de m\u00e2ine\u201d mai aproape de cei care au nevoie de ajutor ast\u0103zi.<\/p>\n\n\n\n<p><em>Articol realizat \u0219i preluat de la publica\u021bia online <strong><span style=\"text-decoration: underline;\"><a href=\"https:\/\/www.tion.ro\/stirile-judetului-timis\/impreuna-hranim-speranta-colecta-de-alimente-mobilizeaza-comunitatile-din-vestul-tarii-2246170\/\">Timi\u0219 Online<\/a><\/span><\/strong><\/em><\/p>","protected":false},"excerpt":{"rendered":"<p>Tr\u0103im vremuri \u00een care pentru mul\u021bi oameni o mas\u0103 cald\u0103 este un lucru obi\u0219nuit. Din p\u0103cate, exist\u0103 \u00eenc\u0103 numeroase persoane pentru care hrana r\u0103m\u00e2ne un lux. \u00cen acest context, Colecta Na\u021bional\u0103 de Alimente, ajuns\u0103 la edi\u021bia cu num\u0103rul 14, revine cu un apel la solidaritate, transform\u00e2nd compasiunea \u00een ac\u021biune concret\u0103. Campania este organizat\u0103 de Federa\u021bia [&hellip;]<\/p>","protected":false},"author":3,"featured_media":1302,"comment_status":"closed","ping_status":"closed","sticky":false,"template":"","format":"standard","meta":{"give_campaign_id":0,"footnotes":""},"categories":[1],"tags":[50,41,53,43],"class_list":["post-1301","post","type-post","status-publish","format-standard","has-post-thumbnail","hentry","category-uncategorized","tag-bancapentrualimentetimisoara","tag-bpatimisoara","tag-colecta-nationala-de-alimente","tag-combatemrisipaalimentara"],"_links":{"self":[{"href":"https:\/\/timisoara.bancapentrualimente.ro\/en\/wp-json\/wp\/v2\/posts\/1301","targetHints":{"allow":["GET"]}}],"collection":[{"href":"https:\/\/timisoara.bancapentrualimente.ro\/en\/wp-json\/wp\/v2\/posts"}],"about":[{"href":"https:\/\/timisoara.bancapentrualimente.ro\/en\/wp-json\/wp\/v2\/types\/post"}],"author":[{"embeddable":true,"href":"https:\/\/timisoara.bancapentrualimente.ro\/en\/wp-json\/wp\/v2\/users\/3"}],"replies":[{"embeddable":true,"href":"https:\/\/timisoara.bancapentrualimente.ro\/en\/wp-json\/wp\/v2\/comments?post=1301"}],"version-history":[{"count":1,"href":"https:\/\/timisoara.bancapentrualimente.ro\/en\/wp-json\/wp\/v2\/posts\/1301\/revisions"}],"predecessor-version":[{"id":1303,"href":"https:\/\/timisoara.bancapentrualimente.ro\/en\/wp-json\/wp\/v2\/posts\/1301\/revisions\/1303"}],"wp:featuredmedia":[{"embeddable":true,"href":"https:\/\/timisoara.bancapentrualimente.ro\/en\/wp-json\/wp\/v2\/media\/1302"}],"wp:attachment":[{"href":"https:\/\/timisoara.bancapentrualimente.ro\/en\/wp-json\/wp\/v2\/media?parent=1301"}],"wp:term":[{"taxonomy":"category","embeddable":true,"href":"https:\/\/timisoara.bancapentrualimente.ro\/en\/wp-json\/wp\/v2\/categories?post=1301"},{"taxonomy":"post_tag","embeddable":true,"href":"https:\/\/timisoara.bancapentrualimente.ro\/en\/wp-json\/wp\/v2\/tags?post=1301"}],"curies":[{"name":"wp","href":"https:\/\/api.w.org\/{rel}","templated":true}]}}